{"id":77434,"date":"2025-12-30T09:55:02","date_gmt":"2025-12-30T06:55:02","guid":{"rendered":"https:\/\/www.egemtv.com\/?p=77434"},"modified":"2025-12-30T09:55:03","modified_gmt":"2025-12-30T06:55:03","slug":"baskan-cercioglu-sanat-toplumun-her-kesimine-ulasmali","status":"publish","type":"post","link":"https:\/\/www.egemtv.com\/?p=77434","title":{"rendered":"Ba\u015fkan \u00c7er\u00e7io\u011flu: &#8220;Sanat toplumun her kesimine ula\u015fmal\u0131&#8221;"},"content":{"rendered":"<p>Ayd\u0131n B\u00fcy\u00fck\u015fehir Belediyesi taraf\u0131ndan d\u00fczenlenen g\u00fcz d\u00f6nemi etkinlikleri kapsam\u0131nda her ya\u015ftan vatanda\u015fa y\u00f6nelik resim e\u011fitimleri devam ediyor. B\u00fcy\u00fck\u015fehir Belediyesi K\u00fclt\u00fcr Merkezleri\u2019nde ger\u00e7ekle\u015ftirilen e\u011fitimler sanata ilgi duyan Ayd\u0131nl\u0131lar\u0131 bir araya getirirken Ayd\u0131n B\u00fcy\u00fck\u015fehir Belediye Ba\u015fkan\u0131 \u00d6zlem \u00c7er\u00e7io\u011flu, &#8220;Sanat toplumun her kesimine ula\u015fmal\u0131&#8221; dedi.<\/p>\n<p>Ayd\u0131n B\u00fcy\u00fck\u015fehir Belediyesi, d\u00fczenledi\u011fi k\u00fclt\u00fcr ve sanat etkinlikleriyle kentin sosyal ve k\u00fclt\u00fcrel hayat\u0131n\u0131 zenginle\u015ftirmeyi s\u00fcrd\u00fcr\u00fcyor. G\u00fcz d\u00f6nemi boyunca devam edecek olan resim e\u011fitimleri, her ya\u015ftan vatanda\u015f\u0131n kat\u0131l\u0131m\u0131na a\u00e7\u0131k olarak ger\u00e7ekle\u015ftiriliyor. Alan\u0131nda uzman e\u011fitmenler e\u015fli\u011finde d\u00fczenlenen resim e\u011fitimlerinde kat\u0131l\u0131mc\u0131lar; temel \u00e7izim tekniklerinden renk bilgisine, kompozisyon olu\u015fturmadan farkl\u0131 resim tekniklerine kadar bir\u00e7ok konuda bilgi ve beceri kazan\u0131yor. E\u011fitimler sayesinde kat\u0131l\u0131mc\u0131lar hem sanatsal y\u00f6nlerini geli\u015ftiriyor hem de keyifli vakit ge\u00e7iriyor. Ayd\u0131n B\u00fcy\u00fck\u015fehir Belediye Ba\u015fkan\u0131 \u00d6zlem \u00c7er\u00e7io\u011flu, sanat\u0131n toplumun her kesimine ula\u015fmas\u0131n\u0131n \u00f6nemine dikkat \u00e7ekerek, k\u00fclt\u00fcr ve sanat faaliyetlerinin artarak s\u00fcrece\u011fini belirtti. Ba\u015fkan \u00c7er\u00e7io\u011flu, Ayd\u0131n\u2019da k\u00fclt\u00fcr ve sanat\u0131 destekleyen \u00e7al\u0131\u015fmalarla vatanda\u015flar\u0131n sosyal ya\u015fam\u0131na katk\u0131 sunmaya devam edeceklerini ifade etti.<br \/><\/p>\n","protected":false},"excerpt":{"rendered":"<p>Ayd\u0131n B\u00fcy\u00fck\u015fehir Belediyesi taraf\u0131ndan d\u00fczenlenen g\u00fcz d\u00f6nemi etkinlikleri kapsam\u0131nda her ya\u015ftan vatanda\u015fa y\u00f6nelik resim e\u011fitimleri devam ediyor. B\u00fcy\u00fck\u015fehir Belediyesi K\u00fclt\u00fcr Merkezleri\u2019nde ger\u00e7ekle\u015ftirilen e\u011fitimler sanata ilgi duyan Ayd\u0131nl\u0131lar\u0131 bir araya getirirken Ayd\u0131n B\u00fcy\u00fck\u015fehir Belediye Ba\u015fkan\u0131 \u00d6zlem \u00c7er\u00e7io\u011flu, &#8220;Sanat toplumun her kesimine ula\u015fmal\u0131&#8221; dedi. Ayd\u0131n B\u00fcy\u00fck\u015fehir Belediyesi, d\u00fczenledi\u011fi k\u00fclt\u00fcr ve sanat etkinlikleriyle kentin sosyal ve k\u00fclt\u00fcrel hayat\u0131n\u0131&#8230;<\/p>\n","protected":false},"author":1,"featured_media":77435,"comment_status":"open","ping_status":"open","sticky":false,"template":"","format":"standard","meta":{"_crdt_document":"","footnotes":""},"categories":[1],"tags":[],"class_list":["post-77434","post","type-post","status-publish","format-standard","has-post-thumbnail","hentry","category-guncel"],"_links":{"self":[{"href":"https:\/\/www.egemtv.com\/index.php?rest_route=\/wp\/v2\/posts\/77434","targetHints":{"allow":["GET"]}}],"collection":[{"href":"https:\/\/www.egemtv.com\/index.php?rest_route=\/wp\/v2\/posts"}],"about":[{"href":"https:\/\/www.egemtv.com\/index.php?rest_route=\/wp\/v2\/types\/post"}],"author":[{"embeddable":true,"href":"https:\/\/www.egemtv.com\/index.php?rest_route=\/wp\/v2\/users\/1"}],"replies":[{"embeddable":true,"href":"https:\/\/www.egemtv.com\/index.php?rest_route=%2Fwp%2Fv2%2Fcomments&post=77434"}],"version-history":[{"count":1,"href":"https:\/\/www.egemtv.com\/index.php?rest_route=\/wp\/v2\/posts\/77434\/revisions"}],"predecessor-version":[{"id":77436,"href":"https:\/\/www.egemtv.com\/index.php?rest_route=\/wp\/v2\/posts\/77434\/revisions\/77436"}],"wp:featuredmedia":[{"embeddable":true,"href":"https:\/\/www.egemtv.com\/index.php?rest_route=\/wp\/v2\/media\/77435"}],"wp:attachment":[{"href":"https:\/\/www.egemtv.com\/index.php?rest_route=%2Fwp%2Fv2%2Fmedia&parent=77434"}],"wp:term":[{"taxonomy":"category","embeddable":true,"href":"https:\/\/www.egemtv.com\/index.php?rest_route=%2Fwp%2Fv2%2Fcategories&post=77434"},{"taxonomy":"post_tag","embeddable":true,"href":"https:\/\/www.egemtv.com\/index.php?rest_route=%2Fwp%2Fv2%2Ftags&post=77434"}],"curies":[{"name":"wp","href":"https:\/\/api.w.org\/{rel}","templated":true}]}}