{"id":77431,"date":"2025-12-30T09:55:00","date_gmt":"2025-12-30T06:55:00","guid":{"rendered":"https:\/\/www.egemtv.com\/?p=77431"},"modified":"2025-12-30T09:55:01","modified_gmt":"2025-12-30T06:55:01","slug":"kutahya-belediyesinden-ogrencilere-sifir-atik-egitimi-3","status":"publish","type":"post","link":"https:\/\/www.egemtv.com\/?p=77431","title":{"rendered":"K\u00fctahya Belediyesi\u2019nden \u00f6\u011frencilere s\u0131f\u0131r at\u0131k e\u011fitimi"},"content":{"rendered":"<p>K\u00fctahya Belediyesi taraf\u0131ndan Atakent Ortaokulu\u2019nda d\u00fczenlenen &#8220;S\u0131f\u0131r At\u0131k&#8221; konulu e\u011fitimler, \u00f6\u011frencilerden yo\u011fun ilgi g\u00f6rd\u00fc.<br \/>\n<br \/>E\u011fitim program\u0131 kapsam\u0131nda; s\u0131f\u0131r at\u0131k ilkeleri ve uygulamalar\u0131, s\u0131n\u0131rl\u0131 do\u011fal kaynaklar\u0131n etkili ve verimli kullan\u0131m\u0131, at\u0131klar\u0131n kayna\u011f\u0131nda ayr\u0131\u015ft\u0131r\u0131lmas\u0131, su verimlili\u011fi ile geri d\u00f6n\u00fc\u015f\u00fcm s\u00fcre\u00e7leri hakk\u0131nda \u00f6\u011frencilere bilgilendirme yap\u0131ld\u0131.<br \/>\n<br \/>\u00c7evre bilincinin k\u00fc\u00e7\u00fck ya\u015flarda kazand\u0131r\u0131lmas\u0131n\u0131n \u00f6nemine dikkat \u00e7ekilen e\u011fitimlerde, s\u00fcrd\u00fcr\u00fclebilir ya\u015fam ve \u00e7evre dostu al\u0131\u015fkanl\u0131klar\u0131n yayg\u0131nla\u015ft\u0131r\u0131lmas\u0131 hedeflendi.<br \/>\n<br \/>K\u00fctahya Belediyesi yetkilileri, s\u00fcrd\u00fcr\u00fclebilir bir \u00e7evre hedefi do\u011frultusunda s\u0131f\u0131r at\u0131k ve \u00e7evre e\u011fitimlerinin kent genelinde devam edece\u011fini bildirdi.<br \/><\/p>\n","protected":false},"excerpt":{"rendered":"<p>K\u00fctahya Belediyesi taraf\u0131ndan Atakent Ortaokulu\u2019nda d\u00fczenlenen &#8220;S\u0131f\u0131r At\u0131k&#8221; konulu e\u011fitimler, \u00f6\u011frencilerden yo\u011fun ilgi g\u00f6rd\u00fc. E\u011fitim program\u0131 kapsam\u0131nda; s\u0131f\u0131r at\u0131k ilkeleri ve uygulamalar\u0131, s\u0131n\u0131rl\u0131 do\u011fal kaynaklar\u0131n etkili ve verimli kullan\u0131m\u0131, at\u0131klar\u0131n kayna\u011f\u0131nda ayr\u0131\u015ft\u0131r\u0131lmas\u0131, su verimlili\u011fi ile geri d\u00f6n\u00fc\u015f\u00fcm s\u00fcre\u00e7leri hakk\u0131nda \u00f6\u011frencilere bilgilendirme yap\u0131ld\u0131. \u00c7evre bilincinin k\u00fc\u00e7\u00fck ya\u015flarda kazand\u0131r\u0131lmas\u0131n\u0131n \u00f6nemine dikkat \u00e7ekilen e\u011fitimlerde, s\u00fcrd\u00fcr\u00fclebilir ya\u015fam ve \u00e7evre&#8230;<\/p>\n","protected":false},"author":1,"featured_media":77432,"comment_status":"open","ping_status":"open","sticky":false,"template":"","format":"standard","meta":{"_crdt_document":"","footnotes":""},"categories":[1],"tags":[],"class_list":["post-77431","post","type-post","status-publish","format-standard","has-post-thumbnail","hentry","category-guncel"],"_links":{"self":[{"href":"https:\/\/www.egemtv.com\/index.php?rest_route=\/wp\/v2\/posts\/77431","targetHints":{"allow":["GET"]}}],"collection":[{"href":"https:\/\/www.egemtv.com\/index.php?rest_route=\/wp\/v2\/posts"}],"about":[{"href":"https:\/\/www.egemtv.com\/index.php?rest_route=\/wp\/v2\/types\/post"}],"author":[{"embeddable":true,"href":"https:\/\/www.egemtv.com\/index.php?rest_route=\/wp\/v2\/users\/1"}],"replies":[{"embeddable":true,"href":"https:\/\/www.egemtv.com\/index.php?rest_route=%2Fwp%2Fv2%2Fcomments&post=77431"}],"version-history":[{"count":1,"href":"https:\/\/www.egemtv.com\/index.php?rest_route=\/wp\/v2\/posts\/77431\/revisions"}],"predecessor-version":[{"id":77433,"href":"https:\/\/www.egemtv.com\/index.php?rest_route=\/wp\/v2\/posts\/77431\/revisions\/77433"}],"wp:featuredmedia":[{"embeddable":true,"href":"https:\/\/www.egemtv.com\/index.php?rest_route=\/wp\/v2\/media\/77432"}],"wp:attachment":[{"href":"https:\/\/www.egemtv.com\/index.php?rest_route=%2Fwp%2Fv2%2Fmedia&parent=77431"}],"wp:term":[{"taxonomy":"category","embeddable":true,"href":"https:\/\/www.egemtv.com\/index.php?rest_route=%2Fwp%2Fv2%2Fcategories&post=77431"},{"taxonomy":"post_tag","embeddable":true,"href":"https:\/\/www.egemtv.com\/index.php?rest_route=%2Fwp%2Fv2%2Ftags&post=77431"}],"curies":[{"name":"wp","href":"https:\/\/api.w.org\/{rel}","templated":true}]}}