{"id":77428,"date":"2025-12-30T09:54:59","date_gmt":"2025-12-30T06:54:59","guid":{"rendered":"https:\/\/www.egemtv.com\/?p=77428"},"modified":"2025-12-30T09:55:00","modified_gmt":"2025-12-30T06:55:00","slug":"tavsanlida-tarim-ve-sulama-odakli-istisare-toplantisi","status":"publish","type":"post","link":"https:\/\/www.egemtv.com\/?p=77428","title":{"rendered":"Tav\u015fanl\u0131\u2019da tar\u0131m ve sulama odakl\u0131 isti\u015fare toplant\u0131s\u0131"},"content":{"rendered":"<p>K\u00fctahya\u2019n\u0131n Tav\u015fanl\u0131 il\u00e7esinde tar\u0131m ve sulama odakl\u0131 isti\u015fare toplant\u0131s\u0131 ger\u00e7ekle\u015ftirildi.<br \/>\n<br \/>Toplant\u0131ya; Milletvekili Mehmet Demir, AK Parti Tav\u015fanl\u0131 \u0130l\u00e7e Ba\u015fkan\u0131 Himmet \u00d6zer, Tar\u0131m ve Orman \u0130l\u00e7e M\u00fcd\u00fcr\u00fc Mustafa G\u00f6k\u00e7e, Ziraat Odas\u0131 Ba\u015fkan\u0131 \u0130smail Akp\u0131nar, DS\u0130 K\u00fctahya \u015eube M\u00fcd\u00fcr\u00fc \u0130brahim Kavak, DS\u0130 \u0130\u015fletme Bak\u0131m Ba\u015fm\u00fchendisi Metin Erkul, Tav\u015fanl\u0131 Sulama Birli\u011fi Ba\u015fkan\u0131 O\u011fuzhan Din\u00e7, Ziraat Odas\u0131 Ba\u015fkan Yard\u0131mc\u0131s\u0131 Mehmet Ali Bal\u0131 ve \u0130l Genel Meclis \u00dcyesi Ahmet Y\u00fcksel kat\u0131ld\u0131.<br \/>\n<br \/>Toplant\u0131da Tav\u015fanl\u0131\u2019n\u0131n tar\u0131msal \u00fcretim kapasitesi, mevcut sulama altyap\u0131s\u0131, \u00e7ift\u00e7ilerin kar\u015f\u0131la\u015ft\u0131\u011f\u0131 sorunlar ve \u00f6n\u00fcm\u00fczdeki s\u00fcre\u00e7te hayata ge\u00e7irilmesi planlanan projeler ele al\u0131nd\u0131. Tar\u0131mda verimlili\u011fin art\u0131r\u0131lmas\u0131 ve su kaynaklar\u0131n\u0131n etkin kullan\u0131m\u0131 konular\u0131nda kapsaml\u0131 de\u011ferlendirmeler yap\u0131ld\u0131.<br \/>\n<br \/>Milletvekili Demir, \u00fcreticiyi g\u00fc\u00e7lendiren ve k\u0131rsal kalk\u0131nmay\u0131 \u00f6nceleyen \u00e7al\u0131\u015fmalar\u0131n isti\u015fare k\u00fclt\u00fcr\u00fcyle s\u00fcrd\u00fcr\u00fclece\u011fini belirterek, toplant\u0131ya katk\u0131 sunan t\u00fcm payda\u015flara te\u015fekk\u00fcr etti.<br \/><\/p>\n","protected":false},"excerpt":{"rendered":"<p>K\u00fctahya\u2019n\u0131n Tav\u015fanl\u0131 il\u00e7esinde tar\u0131m ve sulama odakl\u0131 isti\u015fare toplant\u0131s\u0131 ger\u00e7ekle\u015ftirildi. Toplant\u0131ya; Milletvekili Mehmet Demir, AK Parti Tav\u015fanl\u0131 \u0130l\u00e7e Ba\u015fkan\u0131 Himmet \u00d6zer, Tar\u0131m ve Orman \u0130l\u00e7e M\u00fcd\u00fcr\u00fc Mustafa G\u00f6k\u00e7e, Ziraat Odas\u0131 Ba\u015fkan\u0131 \u0130smail Akp\u0131nar, DS\u0130 K\u00fctahya \u015eube M\u00fcd\u00fcr\u00fc \u0130brahim Kavak, DS\u0130 \u0130\u015fletme Bak\u0131m Ba\u015fm\u00fchendisi Metin Erkul, Tav\u015fanl\u0131 Sulama Birli\u011fi Ba\u015fkan\u0131 O\u011fuzhan Din\u00e7, Ziraat Odas\u0131 Ba\u015fkan Yard\u0131mc\u0131s\u0131&#8230;<\/p>\n","protected":false},"author":1,"featured_media":77429,"comment_status":"open","ping_status":"open","sticky":false,"template":"","format":"standard","meta":{"_crdt_document":"","footnotes":""},"categories":[1],"tags":[],"class_list":["post-77428","post","type-post","status-publish","format-standard","has-post-thumbnail","hentry","category-guncel"],"_links":{"self":[{"href":"https:\/\/www.egemtv.com\/index.php?rest_route=\/wp\/v2\/posts\/77428","targetHints":{"allow":["GET"]}}],"collection":[{"href":"https:\/\/www.egemtv.com\/index.php?rest_route=\/wp\/v2\/posts"}],"about":[{"href":"https:\/\/www.egemtv.com\/index.php?rest_route=\/wp\/v2\/types\/post"}],"author":[{"embeddable":true,"href":"https:\/\/www.egemtv.com\/index.php?rest_route=\/wp\/v2\/users\/1"}],"replies":[{"embeddable":true,"href":"https:\/\/www.egemtv.com\/index.php?rest_route=%2Fwp%2Fv2%2Fcomments&post=77428"}],"version-history":[{"count":1,"href":"https:\/\/www.egemtv.com\/index.php?rest_route=\/wp\/v2\/posts\/77428\/revisions"}],"predecessor-version":[{"id":77430,"href":"https:\/\/www.egemtv.com\/index.php?rest_route=\/wp\/v2\/posts\/77428\/revisions\/77430"}],"wp:featuredmedia":[{"embeddable":true,"href":"https:\/\/www.egemtv.com\/index.php?rest_route=\/wp\/v2\/media\/77429"}],"wp:attachment":[{"href":"https:\/\/www.egemtv.com\/index.php?rest_route=%2Fwp%2Fv2%2Fmedia&parent=77428"}],"wp:term":[{"taxonomy":"category","embeddable":true,"href":"https:\/\/www.egemtv.com\/index.php?rest_route=%2Fwp%2Fv2%2Fcategories&post=77428"},{"taxonomy":"post_tag","embeddable":true,"href":"https:\/\/www.egemtv.com\/index.php?rest_route=%2Fwp%2Fv2%2Ftags&post=77428"}],"curies":[{"name":"wp","href":"https:\/\/api.w.org\/{rel}","templated":true}]}}