{"id":77425,"date":"2025-12-30T09:54:58","date_gmt":"2025-12-30T06:54:58","guid":{"rendered":"https:\/\/www.egemtv.com\/?p=77425"},"modified":"2025-12-30T09:54:59","modified_gmt":"2025-12-30T06:54:59","slug":"kutahyada-aileler-geri-donusum-icin-yaristi","status":"publish","type":"post","link":"https:\/\/www.egemtv.com\/?p=77425","title":{"rendered":"K\u00fctahya\u2019da aileler geri d\u00f6n\u00fc\u015f\u00fcm i\u00e7in yar\u0131\u015ft\u0131"},"content":{"rendered":"<p>K\u00fctahya Belediyesi taraf\u0131ndan \u00e7evre bilincini art\u0131rmak ve s\u0131f\u0131r at\u0131k anlay\u0131\u015f\u0131n\u0131 toplumun t\u00fcm kesimlerine yaymak amac\u0131yla &#8220;Ailemizde Geri D\u00f6n\u00fc\u015f\u00fcme \u00d6nem Veriyoruz&#8221; yar\u0131\u015fmas\u0131 d\u00fczenlendi.<br \/>\n<br \/>Cumhuriyet Mahallesi Sosyo K\u00fclt\u00fcr Merkezi\u2019nde ger\u00e7ekle\u015ftirilen etkinlik, K\u00fctahya Belediyesi \u0130klim De\u011fi\u015fikli\u011fi ve S\u0131f\u0131r At\u0131k M\u00fcd\u00fcrl\u00fc\u011f\u00fc koordinasyonunda yap\u0131ld\u0131. Yar\u0131\u015fmaya kat\u0131lan aileler, evlerinde bulunan at\u0131l \u00fcr\u00fcnleri geri d\u00f6n\u00fc\u015ft\u00fcrerek haz\u0131rlad\u0131klar\u0131 olu\u015fturucu \u00e7al\u0131\u015fmalar\u0131, olu\u015fum hik\u00e2yeleriyle birlikte j\u00fcriye sundu.<br \/>\n<br \/>Etkinlikte \u00f6zellikle \u00e7ocuklar\u0131n \u00e7evre fark\u0131ndal\u0131\u011f\u0131n\u0131 art\u0131rmaya y\u00f6nelik projeler b\u00fcy\u00fck be\u011feni toplad\u0131. Yar\u0131\u015fma sonunda dereceye giren ailelere \u00e7e\u015fitli \u00f6d\u00fcller takdim edildi.<br \/>\n<br \/>K\u00fctahya Belediyesi yetkilileri, s\u00fcrd\u00fcr\u00fclebilir bir gelecek hedefi do\u011frultusunda \u00e7evre bilincini g\u00fc\u00e7lendiren etkinliklerin kent genelinde artarak devam edece\u011fini ifade etti.<br \/><\/p>\n","protected":false},"excerpt":{"rendered":"<p>K\u00fctahya Belediyesi taraf\u0131ndan \u00e7evre bilincini art\u0131rmak ve s\u0131f\u0131r at\u0131k anlay\u0131\u015f\u0131n\u0131 toplumun t\u00fcm kesimlerine yaymak amac\u0131yla &#8220;Ailemizde Geri D\u00f6n\u00fc\u015f\u00fcme \u00d6nem Veriyoruz&#8221; yar\u0131\u015fmas\u0131 d\u00fczenlendi. Cumhuriyet Mahallesi Sosyo K\u00fclt\u00fcr Merkezi\u2019nde ger\u00e7ekle\u015ftirilen etkinlik, K\u00fctahya Belediyesi \u0130klim De\u011fi\u015fikli\u011fi ve S\u0131f\u0131r At\u0131k M\u00fcd\u00fcrl\u00fc\u011f\u00fc koordinasyonunda yap\u0131ld\u0131. Yar\u0131\u015fmaya kat\u0131lan aileler, evlerinde bulunan at\u0131l \u00fcr\u00fcnleri geri d\u00f6n\u00fc\u015ft\u00fcrerek haz\u0131rlad\u0131klar\u0131 olu\u015fturucu \u00e7al\u0131\u015fmalar\u0131, olu\u015fum hik\u00e2yeleriyle birlikte j\u00fcriye&#8230;<\/p>\n","protected":false},"author":1,"featured_media":77426,"comment_status":"open","ping_status":"open","sticky":false,"template":"","format":"standard","meta":{"_crdt_document":"","footnotes":""},"categories":[1],"tags":[],"class_list":["post-77425","post","type-post","status-publish","format-standard","has-post-thumbnail","hentry","category-guncel"],"_links":{"self":[{"href":"https:\/\/www.egemtv.com\/index.php?rest_route=\/wp\/v2\/posts\/77425","targetHints":{"allow":["GET"]}}],"collection":[{"href":"https:\/\/www.egemtv.com\/index.php?rest_route=\/wp\/v2\/posts"}],"about":[{"href":"https:\/\/www.egemtv.com\/index.php?rest_route=\/wp\/v2\/types\/post"}],"author":[{"embeddable":true,"href":"https:\/\/www.egemtv.com\/index.php?rest_route=\/wp\/v2\/users\/1"}],"replies":[{"embeddable":true,"href":"https:\/\/www.egemtv.com\/index.php?rest_route=%2Fwp%2Fv2%2Fcomments&post=77425"}],"version-history":[{"count":1,"href":"https:\/\/www.egemtv.com\/index.php?rest_route=\/wp\/v2\/posts\/77425\/revisions"}],"predecessor-version":[{"id":77427,"href":"https:\/\/www.egemtv.com\/index.php?rest_route=\/wp\/v2\/posts\/77425\/revisions\/77427"}],"wp:featuredmedia":[{"embeddable":true,"href":"https:\/\/www.egemtv.com\/index.php?rest_route=\/wp\/v2\/media\/77426"}],"wp:attachment":[{"href":"https:\/\/www.egemtv.com\/index.php?rest_route=%2Fwp%2Fv2%2Fmedia&parent=77425"}],"wp:term":[{"taxonomy":"category","embeddable":true,"href":"https:\/\/www.egemtv.com\/index.php?rest_route=%2Fwp%2Fv2%2Fcategories&post=77425"},{"taxonomy":"post_tag","embeddable":true,"href":"https:\/\/www.egemtv.com\/index.php?rest_route=%2Fwp%2Fv2%2Ftags&post=77425"}],"curies":[{"name":"wp","href":"https:\/\/api.w.org\/{rel}","templated":true}]}}