{"id":77419,"date":"2025-12-30T09:34:44","date_gmt":"2025-12-30T06:34:44","guid":{"rendered":"https:\/\/www.egemtv.com\/?p=77419"},"modified":"2025-12-30T09:34:45","modified_gmt":"2025-12-30T06:34:45","slug":"aydin-buyuksehir-belediyesinin-satranc-egitimleri-suruyor","status":"publish","type":"post","link":"https:\/\/www.egemtv.com\/?p=77419","title":{"rendered":"Ayd\u0131n B\u00fcy\u00fck\u015fehir Belediyesi\u2019nin satran\u00e7 e\u011fitimleri s\u00fcr\u00fcyor"},"content":{"rendered":"<p>Ayd\u0131n B\u00fcy\u00fck\u015fehir Belediyesi taraf\u0131ndan g\u00fcz d\u00f6nemi etkinlikleri kapsam\u0131nda d\u00fczenlenen satran\u00e7 e\u011fitimleri, \u00e7ocuklar\u0131n zihinsel geli\u015fimini desteklemeye devam ediyor. \u00dccretsiz olarak ger\u00e7ekle\u015ftirilen e\u011fitimlerde \u00e7ocuklar, satranc\u0131n temel kurallar\u0131n\u0131 \u00f6\u011frenirken; planlama, odaklanma ve do\u011fru karar verme becerilerini de geli\u015ftiriyor.<\/p>\n<p>Alan\u0131nda uzman e\u011fitmenler e\u015fli\u011finde ger\u00e7ekle\u015ftirilen e\u011fitimlerde minik kat\u0131l\u0131mc\u0131lar, satran\u00e7 tahtas\u0131nda hamleleri deneyimleyerek \u00f6\u011freniyor. Stratejik d\u00fc\u015f\u00fcnme al\u0131\u015fkanl\u0131\u011f\u0131 kazanan \u00e7ocuklar, problem \u00e7\u00f6zme yeteneklerini de g\u00fc\u00e7lendiriyor. Ayd\u0131nl\u0131 \u00e7ocuklar\u0131n geli\u015fimine destek olmak i\u00e7in \u00e7al\u0131\u015fmalar\u0131n\u0131n devam edece\u011fini belirten Ayd\u0131n B\u00fcy\u00fck\u015fehir Belediye Ba\u015fkan\u0131 \u00d6zlem \u00c7er\u00e7io\u011flu, &#8220;\u00c7ocuklar\u0131m\u0131z\u0131n \u00e7ok y\u00f6nl\u00fc geli\u015fimini \u00f6nemsiyoruz. G\u00fcz d\u00f6nemi etkinliklerimizle onlar\u0131 hem d\u00fc\u015f\u00fcnd\u00fcren hem de kendilerini geli\u015ftirebilecekleri alanlarla bulu\u015fturuyoruz. Satran\u00e7 e\u011fitimleri de bu anlay\u0131\u015f\u0131n \u00f6nemli bir par\u00e7as\u0131. \u00c7ocuklar\u0131m\u0131z\u0131n zihinsel ve fiziksel geli\u015fimlerine destek olmak i\u00e7in \u00e7al\u0131\u015fmalar\u0131m\u0131z\u0131 s\u00fcrd\u00fcrece\u011fiz&#8221; ifadelerini kulland\u0131.<\/p>\n<p>Veliler ise \u00e7ocuklar\u0131n\u0131n satran\u00e7 sayesinde dikkat s\u00fcrelerinin artt\u0131\u011f\u0131n\u0131 ve bo\u015f zamanlar\u0131n\u0131 daha verimli de\u011ferlendirdiklerini belirterek, Ayd\u0131n B\u00fcy\u00fck\u015fehir Belediyesi\u2019ne ve Ba\u015fkan \u00c7er\u00e7io\u011flu\u2019na te\u015fekk\u00fcr etti.<br \/><\/p>\n","protected":false},"excerpt":{"rendered":"<p>Ayd\u0131n B\u00fcy\u00fck\u015fehir Belediyesi taraf\u0131ndan g\u00fcz d\u00f6nemi etkinlikleri kapsam\u0131nda d\u00fczenlenen satran\u00e7 e\u011fitimleri, \u00e7ocuklar\u0131n zihinsel geli\u015fimini desteklemeye devam ediyor. \u00dccretsiz olarak ger\u00e7ekle\u015ftirilen e\u011fitimlerde \u00e7ocuklar, satranc\u0131n temel kurallar\u0131n\u0131 \u00f6\u011frenirken; planlama, odaklanma ve do\u011fru karar verme becerilerini de geli\u015ftiriyor. Alan\u0131nda uzman e\u011fitmenler e\u015fli\u011finde ger\u00e7ekle\u015ftirilen e\u011fitimlerde minik kat\u0131l\u0131mc\u0131lar, satran\u00e7 tahtas\u0131nda hamleleri deneyimleyerek \u00f6\u011freniyor. Stratejik d\u00fc\u015f\u00fcnme al\u0131\u015fkanl\u0131\u011f\u0131 kazanan \u00e7ocuklar, problem \u00e7\u00f6zme&#8230;<\/p>\n","protected":false},"author":1,"featured_media":77420,"comment_status":"open","ping_status":"open","sticky":false,"template":"","format":"standard","meta":{"_crdt_document":"","footnotes":""},"categories":[1],"tags":[],"class_list":["post-77419","post","type-post","status-publish","format-standard","has-post-thumbnail","hentry","category-guncel"],"_links":{"self":[{"href":"https:\/\/www.egemtv.com\/index.php?rest_route=\/wp\/v2\/posts\/77419","targetHints":{"allow":["GET"]}}],"collection":[{"href":"https:\/\/www.egemtv.com\/index.php?rest_route=\/wp\/v2\/posts"}],"about":[{"href":"https:\/\/www.egemtv.com\/index.php?rest_route=\/wp\/v2\/types\/post"}],"author":[{"embeddable":true,"href":"https:\/\/www.egemtv.com\/index.php?rest_route=\/wp\/v2\/users\/1"}],"replies":[{"embeddable":true,"href":"https:\/\/www.egemtv.com\/index.php?rest_route=%2Fwp%2Fv2%2Fcomments&post=77419"}],"version-history":[{"count":1,"href":"https:\/\/www.egemtv.com\/index.php?rest_route=\/wp\/v2\/posts\/77419\/revisions"}],"predecessor-version":[{"id":77421,"href":"https:\/\/www.egemtv.com\/index.php?rest_route=\/wp\/v2\/posts\/77419\/revisions\/77421"}],"wp:featuredmedia":[{"embeddable":true,"href":"https:\/\/www.egemtv.com\/index.php?rest_route=\/wp\/v2\/media\/77420"}],"wp:attachment":[{"href":"https:\/\/www.egemtv.com\/index.php?rest_route=%2Fwp%2Fv2%2Fmedia&parent=77419"}],"wp:term":[{"taxonomy":"category","embeddable":true,"href":"https:\/\/www.egemtv.com\/index.php?rest_route=%2Fwp%2Fv2%2Fcategories&post=77419"},{"taxonomy":"post_tag","embeddable":true,"href":"https:\/\/www.egemtv.com\/index.php?rest_route=%2Fwp%2Fv2%2Ftags&post=77419"}],"curies":[{"name":"wp","href":"https:\/\/api.w.org\/{rel}","templated":true}]}}