{"id":77416,"date":"2025-12-30T09:14:55","date_gmt":"2025-12-30T06:14:55","guid":{"rendered":"https:\/\/www.egemtv.com\/?p=77416"},"modified":"2025-12-30T09:14:56","modified_gmt":"2025-12-30T06:14:56","slug":"genc-guresciler-manisada-mindere-cikti","status":"publish","type":"post","link":"https:\/\/www.egemtv.com\/?p=77416","title":{"rendered":"Gen\u00e7 g\u00fcre\u015f\u00e7iler Manisa\u2019da mindere \u00e7\u0131kt\u0131"},"content":{"rendered":"<p>Manisa\u2019da d\u00fczenlenen Okul Sporlar\u0131 G\u00fcre\u015f Gen\u00e7ler (A) Grup M\u00fcsabakalar\u0131\u2019nda 22 ilden 284 sporcu T\u00fcrkiye \u015eampiyonas\u0131\u2019na kat\u0131labilmek i\u00e7in m\u00fccadele etti, dereceye giren sporcular madalyalar\u0131n\u0131 ald\u0131.<br \/>\n<br \/>Gen\u00e7lik ve Spor Bakanl\u0131\u011f\u0131 Okul Sporlar\u0131 Daire Ba\u015fkanl\u0131\u011f\u0131 taraf\u0131ndan d\u00fczenlenen 2025-2026 E\u011fitim ve \u00d6\u011fretim Y\u0131l\u0131 Okul Sporlar\u0131 G\u00fcre\u015f Gen\u00e7ler (A) Grup M\u00fcsabakalar\u0131, Manisa\u2019da tamamland\u0131.<br \/>\n<br \/>Manisa Gen\u00e7lik ve Spor \u0130l M\u00fcd\u00fcrl\u00fc\u011f\u00fc ev sahipli\u011finde Akhisar Spor Salonu\u2019nda ger\u00e7ekle\u015ftirilen ve \u00fc\u00e7 g\u00fcn s\u00fcren organizasyona 22 farkl\u0131 ilden 284 sporcu kat\u0131ld\u0131. Serbest Stil ve Grekoromen kategorilerinde d\u00fczenlenen m\u00fcsabakalarda sporcular, T\u00fcrkiye \u015eampiyonas\u0131\u2019na kat\u0131labilmek i\u00e7in k\u0131yas\u0131ya m\u00fccadele etti. \u00c7eki\u015fmeli kar\u015f\u0131la\u015fmalar\u0131n ya\u015fand\u0131\u011f\u0131 m\u00fcsabakalar, g\u00fcre\u015f severlerden yo\u011fun ilgi g\u00f6rd\u00fc.<br \/>\n<br \/>M\u00fcsabakalar sonunda dereceye giren sporculara madalya ve kat\u0131l\u0131m belgeleri; Akhisar Gen\u00e7lik ve Spor \u0130l\u00e7e M\u00fcd\u00fcr\u00fc Hasan H\u00fcseyin Oktay, \u015eehzadeler Gen\u00e7lik ve Spor \u0130l\u00e7e M\u00fcd\u00fcr\u00fc Erhan \u00d6zel, \u0130\u015fletmeler Birimi \u015eube M\u00fcd\u00fcr\u00fc \u00d6zcan \u00d6zen, m\u00fcsabaka hakemleri ve antren\u00f6rler taraf\u0131ndan takdim edildi. Dereceye giren sporcular, T\u00fcrkiye \u015eampiyonas\u0131\u2019na kat\u0131lma hakk\u0131 elde etti.<br \/>\n<br \/>Serbest Stil Dereceleri \u015f\u00f6yle olu\u015ftu:<br \/>\n<br \/>45 kg: 1. Harun Yi\u011fit Aliakar (\u0130stanbul), 2. Berat Namutli (Bursa), 3. Bekir \u015eafak Y\u0131lmaz (\u0130stanbul)<br \/>\n<br \/>48 kg: 1. Ata Etci (Isparta), 2. H\u00fcseyin T\u00fcrkel (\u0130zmir), 3. Atakan Ert\u00fcrk (\u0130zmir) &#8211; Muhammed Arif Arvas (\u0130stanbul)<br \/>\n<br \/>51 kg: 1. \u0130brahim Ceylan (\u0130zmir), 2. Musaddin Gaydargil (Bursa), 3. Veli Geri\u015f (Antalya) &#8211; Muhammed Mustafa Koca (\u0130stanbul)<br \/>\n<br \/>55 kg: 1. Yakup K\u0131c\u0131k (Afyonkarahisar), 2. Talha Kayahan (\u0130zmir), 3. Umut Can Ads\u0131z (Bursa) &#8211; Mehmet Ali G\u00fcler (Yalova)<br \/>\n<br \/>60 kg: 1. Muhammed Mustafa Alpar (Afyonkarahisar), 2. \u00d6mer \u00c7ift\u00e7i (Kocaeli), 3. Tu\u011frul Demirci (Bursa) &#8211; Muhammed K\u0131z\u0131ldo\u011fan (Antalya)<br \/>\n<br \/>65 kg: 1. Beytullah Burak Bilgen (Bursa), 2. Hakan \u015eahin (\u0130stanbul), 3. Faruk \u00c7ift\u00e7i (Kocaeli) &#8211; Berkay \u00dcnal (\u0130stanbul)<br \/>\n<br \/>71 kg: 1. Osman Kaplan (Afyonkarahisar), 2. Tar\u0131k Emin Kaymak (Afyonkarahisar), 3. Ali Ekber Safarov (Kocaeli) &#8211; Muhammet Mustafa Kalyon (Yalova)<br \/>\n<br \/>80 kg: 1. I\u015f\u0131k \u00c7etin Bayrakdar (Bursa), 2. Yusuf T\u00fcrkmen (Afyonkarahisar), 3. Cemal Yi\u011fit Purcu (Afyonkarahisar) &#8211; Ercan Bakan (Denizli)<br \/>\n<br \/>92 kg: 1. Said R\u0131za (Bursa), 2. Mehmet Akif Kara (Bursa), 3. S\u00fcleyman Cerit (Afyonkarahisar) &#8211; Bedel \u015eim\u015fek (\u0130zmir)<br \/>\n<br \/>110 kg: 1. Yi\u011fit Akta\u015f (Afyonkarahisar), 2. Yusuf \u0130slam Bakay (Antalya), 3. Cihan Co\u015fkun (Kocaeli) &#8211; Ali Eren K\u0131l\u0131\u00e7 (\u0130stanbul)<br \/>\n<br \/>Grekoromen Stil Dereceleri ise \u015f\u00f6yle:<br \/>\n<br \/>45 kg: 1. Enes Ayg\u00fcn (\u0130stanbul), 2. Emirhan \u00c7elik (Bursa)<br \/>\n<br \/>48 kg: 1. Muhammed Enes Azboy (\u0130zmir), 2. Berat Topkara (\u0130stanbul), 3. Davut Ak\u0131n (\u0130zmir)<br \/>\n<br \/>51 kg: 1. Yi\u011fit Abdullah Ba\u011f\u0131\u015f (Mu\u011fla), 2. Sertan An\u0131l Oktay (Bursa)<br \/>\n<br \/>55 kg: 1. Polat Can Karadeniz (\u0130zmir), 2. Yusuf Olgun (Bursa), 3. Cuma Hanel\u00e7i (Mu\u011fla) &#8211; Hamza H\u00fcseyin Akyaylan (Afyonkarahisar)<br \/>\n<br \/>60 kg: 1. Furkan \u00d6nder (Sakarya), 2. \u0130rfan Develi (Mu\u011fla), 3. Hamza Y\u00fcksel (\u0130zmir) &#8211; Taylan Karausta (Eski\u015fehir)<br \/>\n<br \/>65 kg: 1. Sait \u0130brahim G\u00f6r\u00fcr (Sakarya), 2. Yusuf \u00d6zg\u00fcl (Ayd\u0131n), 3. Emirhan G\u00fclmez (\u0130stanbul) &#8211; \u00dcmit Kocag\u00f6bek (K\u00fctahya)<br \/>\n<br \/>71 kg: 1. Onur Kara (\u0130zmir), 2. Said Ada (K\u00fctahya), 3. Bedil Altovai (\u0130stanbul) &#8211; Yusuf K\u00fcspeci (Mu\u011fla)<br \/>\n<br \/>80 kg: 1. Hikmet Erdem Sucu (Denizli), 2. Muhammet Asaf R\u00fcstemo\u011flu (Mu\u011fla), 3. Ne\u015fet Kayra Ar\u0131c\u0131 (\u0130zmir) &#8211; Muhammed Talha Demir (\u0130zmir)<br \/>\n<br \/>92 kg: 1. Fatih B\u00fcy\u00fcktemiz (\u0130zmir), 2. Selahattin Kahraman (Denizli), 3. Emre K\u0131ral (Bal\u0131kesir) &#8211; S\u00fcleyman Baran \u00d6zpay (Denizli)<br \/>\n<br \/>110 kg: 1. Mira\u00e7 Ak\u0131n Akarsu, 2. Berat \u00c7a\u011flar (\u0130zmir), 3. Abdullah Fatih Al\u0131\u015f (\u0130zmir) &#8211; Eymen \u00d6zcan (\u0130stanbul)<br \/>\n<br \/>M\u00fcsabakalar, hat\u0131ra foto\u011fraflar\u0131n\u0131n \u00e7ekilmesiyle sona erdi.<br \/><\/p>\n","protected":false},"excerpt":{"rendered":"<p>Manisa\u2019da d\u00fczenlenen Okul Sporlar\u0131 G\u00fcre\u015f Gen\u00e7ler (A) Grup M\u00fcsabakalar\u0131\u2019nda 22 ilden 284 sporcu T\u00fcrkiye \u015eampiyonas\u0131\u2019na kat\u0131labilmek i\u00e7in m\u00fccadele etti, dereceye giren sporcular madalyalar\u0131n\u0131 ald\u0131. Gen\u00e7lik ve Spor Bakanl\u0131\u011f\u0131 Okul Sporlar\u0131 Daire Ba\u015fkanl\u0131\u011f\u0131 taraf\u0131ndan d\u00fczenlenen 2025-2026 E\u011fitim ve \u00d6\u011fretim Y\u0131l\u0131 Okul Sporlar\u0131 G\u00fcre\u015f Gen\u00e7ler (A) Grup M\u00fcsabakalar\u0131, Manisa\u2019da tamamland\u0131. Manisa Gen\u00e7lik ve Spor \u0130l M\u00fcd\u00fcrl\u00fc\u011f\u00fc ev&#8230;<\/p>\n","protected":false},"author":1,"featured_media":77417,"comment_status":"open","ping_status":"open","sticky":false,"template":"","format":"standard","meta":{"_crdt_document":"","footnotes":""},"categories":[4],"tags":[],"class_list":["post-77416","post","type-post","status-publish","format-standard","has-post-thumbnail","hentry","category-spor"],"_links":{"self":[{"href":"https:\/\/www.egemtv.com\/index.php?rest_route=\/wp\/v2\/posts\/77416","targetHints":{"allow":["GET"]}}],"collection":[{"href":"https:\/\/www.egemtv.com\/index.php?rest_route=\/wp\/v2\/posts"}],"about":[{"href":"https:\/\/www.egemtv.com\/index.php?rest_route=\/wp\/v2\/types\/post"}],"author":[{"embeddable":true,"href":"https:\/\/www.egemtv.com\/index.php?rest_route=\/wp\/v2\/users\/1"}],"replies":[{"embeddable":true,"href":"https:\/\/www.egemtv.com\/index.php?rest_route=%2Fwp%2Fv2%2Fcomments&post=77416"}],"version-history":[{"count":1,"href":"https:\/\/www.egemtv.com\/index.php?rest_route=\/wp\/v2\/posts\/77416\/revisions"}],"predecessor-version":[{"id":77418,"href":"https:\/\/www.egemtv.com\/index.php?rest_route=\/wp\/v2\/posts\/77416\/revisions\/77418"}],"wp:featuredmedia":[{"embeddable":true,"href":"https:\/\/www.egemtv.com\/index.php?rest_route=\/wp\/v2\/media\/77417"}],"wp:attachment":[{"href":"https:\/\/www.egemtv.com\/index.php?rest_route=%2Fwp%2Fv2%2Fmedia&parent=77416"}],"wp:term":[{"taxonomy":"category","embeddable":true,"href":"https:\/\/www.egemtv.com\/index.php?rest_route=%2Fwp%2Fv2%2Fcategories&post=77416"},{"taxonomy":"post_tag","embeddable":true,"href":"https:\/\/www.egemtv.com\/index.php?rest_route=%2Fwp%2Fv2%2Ftags&post=77416"}],"curies":[{"name":"wp","href":"https:\/\/api.w.org\/{rel}","templated":true}]}}