{"id":77413,"date":"2025-12-30T09:14:54","date_gmt":"2025-12-30T06:14:54","guid":{"rendered":"https:\/\/www.egemtv.com\/?p=77413"},"modified":"2025-12-30T09:14:55","modified_gmt":"2025-12-30T06:14:55","slug":"manisada-motosiklet-denetimlerinde-18-milyon-tl-ceza","status":"publish","type":"post","link":"https:\/\/www.egemtv.com\/?p=77413","title":{"rendered":"Manisa\u2019da motosiklet denetimlerinde 1,8 milyon TL ceza"},"content":{"rendered":"<p>Manisa\u2019da 3 g\u00fcnde yap\u0131lan motosiklet ve motorlu bisiklet denetimlerinde 594 s\u00fcr\u00fcc\u00fcye ceza kesilirken 34 arac\u0131n da trafikten men edildi\u011fi bildirildi.<br \/>\n<br \/>Manisa \u0130l Emniyet M\u00fcd\u00fcrl\u00fc\u011f\u00fc Trafik Denetleme \u015eube M\u00fcd\u00fcrl\u00fc\u011f\u00fc ile il\u00e7e trafik birimleri taraf\u0131ndan 26-28 Aral\u0131k 2025 tarihleri aras\u0131nda ger\u00e7ekle\u015ftirilen &#8220;Motosiklet ve Motorlu Bisiklet Denetimi&#8221; kapsam\u0131nda \u00e7ok say\u0131da kural ihlali tespit edildi.<br \/>\n<br \/>\u0130l genelinde 32 ekip ve 68 personelin kat\u0131l\u0131m\u0131yla yap\u0131lan denetimlerde 1.790 ara\u00e7 ve s\u00fcr\u00fcc\u00fcs\u00fc kontrol edilirken, kusurlu g\u00f6r\u00fclen 594 ara\u00e7 ve s\u00fcr\u00fcc\u00fcs\u00fcne 2918 say\u0131l\u0131 Karayollar\u0131 Trafik Kanunu kapsam\u0131nda i\u015flem uyguland\u0131. Denetimlerde plaka eksikli\u011fi, muayenesiz ara\u00e7 kullan\u0131m\u0131, ehliyetsiz ve yetersiz ehliyetle ara\u00e7 kullanma, yaya yollar\u0131nda motosiklet s\u00fcrme ve kask takmama gibi ihlaller \u00f6ne \u00e7\u0131kt\u0131.<br \/>\n<br \/>En fazla ceza, kask kullanmayan s\u00fcr\u00fcc\u00fclere kesildi. Kask takmama ihlalinden 350 s\u00fcr\u00fcc\u00fcye i\u015flem yap\u0131l\u0131rken, di\u011fer maddelerle birlikte toplamda 1 milyon 868 bin 440 lira idari para cezas\u0131 uyguland\u0131\u011f\u0131 ve 34 arac\u0131n da trafikten men edildi\u011fi \u00f6\u011frenildi.<br \/><\/p>\n","protected":false},"excerpt":{"rendered":"<p>Manisa\u2019da 3 g\u00fcnde yap\u0131lan motosiklet ve motorlu bisiklet denetimlerinde 594 s\u00fcr\u00fcc\u00fcye ceza kesilirken 34 arac\u0131n da trafikten men edildi\u011fi bildirildi. Manisa \u0130l Emniyet M\u00fcd\u00fcrl\u00fc\u011f\u00fc Trafik Denetleme \u015eube M\u00fcd\u00fcrl\u00fc\u011f\u00fc ile il\u00e7e trafik birimleri taraf\u0131ndan 26-28 Aral\u0131k 2025 tarihleri aras\u0131nda ger\u00e7ekle\u015ftirilen &#8220;Motosiklet ve Motorlu Bisiklet Denetimi&#8221; kapsam\u0131nda \u00e7ok say\u0131da kural ihlali tespit edildi. \u0130l genelinde 32 ekip&#8230;<\/p>\n","protected":false},"author":1,"featured_media":77414,"comment_status":"open","ping_status":"open","sticky":false,"template":"","format":"standard","meta":{"_crdt_document":"","footnotes":""},"categories":[5],"tags":[],"class_list":["post-77413","post","type-post","status-publish","format-standard","has-post-thumbnail","hentry","category-asayis"],"_links":{"self":[{"href":"https:\/\/www.egemtv.com\/index.php?rest_route=\/wp\/v2\/posts\/77413","targetHints":{"allow":["GET"]}}],"collection":[{"href":"https:\/\/www.egemtv.com\/index.php?rest_route=\/wp\/v2\/posts"}],"about":[{"href":"https:\/\/www.egemtv.com\/index.php?rest_route=\/wp\/v2\/types\/post"}],"author":[{"embeddable":true,"href":"https:\/\/www.egemtv.com\/index.php?rest_route=\/wp\/v2\/users\/1"}],"replies":[{"embeddable":true,"href":"https:\/\/www.egemtv.com\/index.php?rest_route=%2Fwp%2Fv2%2Fcomments&post=77413"}],"version-history":[{"count":1,"href":"https:\/\/www.egemtv.com\/index.php?rest_route=\/wp\/v2\/posts\/77413\/revisions"}],"predecessor-version":[{"id":77415,"href":"https:\/\/www.egemtv.com\/index.php?rest_route=\/wp\/v2\/posts\/77413\/revisions\/77415"}],"wp:featuredmedia":[{"embeddable":true,"href":"https:\/\/www.egemtv.com\/index.php?rest_route=\/wp\/v2\/media\/77414"}],"wp:attachment":[{"href":"https:\/\/www.egemtv.com\/index.php?rest_route=%2Fwp%2Fv2%2Fmedia&parent=77413"}],"wp:term":[{"taxonomy":"category","embeddable":true,"href":"https:\/\/www.egemtv.com\/index.php?rest_route=%2Fwp%2Fv2%2Fcategories&post=77413"},{"taxonomy":"post_tag","embeddable":true,"href":"https:\/\/www.egemtv.com\/index.php?rest_route=%2Fwp%2Fv2%2Ftags&post=77413"}],"curies":[{"name":"wp","href":"https:\/\/api.w.org\/{rel}","templated":true}]}}