{"id":77410,"date":"2025-12-30T08:54:34","date_gmt":"2025-12-30T05:54:34","guid":{"rendered":"https:\/\/www.egemtv.com\/?p=77410"},"modified":"2025-12-30T08:54:35","modified_gmt":"2025-12-30T05:54:35","slug":"genc-kardeslerden-sarigol-ekonomisine-700-bin-fidan-hamlesi","status":"publish","type":"post","link":"https:\/\/www.egemtv.com\/?p=77410","title":{"rendered":"Gen\u00e7 karde\u015flerden Sar\u0131g\u00f6l ekonomisine 700 bin fidan hamlesi"},"content":{"rendered":"<p>Manisa\u2019n\u0131n Sar\u0131g\u00f6l il\u00e7esinde gen\u00e7 giri\u015fimci karde\u015fler Ayta\u00e7 ve Ahmet \u00dcnl\u00fcko\u00e7, 25 farkl\u0131 \u00fcz\u00fcm \u00e7e\u015fidinde bu y\u0131l 700 bin fidan \u00fcretim hedefiyle hem b\u00f6lge tar\u0131m\u0131na hem de istihdama g\u00fc\u00e7l\u00fc bir ekonomik katk\u0131 sa\u011fl\u0131yor. Fidan \u00fcretiminde 2 bin 500 ki\u015fiye istihdam sa\u011fland\u0131\u011f\u0131 \u00f6\u011frenildi.<br \/>\n<br \/>Manisa\u2019n\u0131n Sar\u0131g\u00f6l il\u00e7esine ba\u011fl\u0131 Ahmeta\u011fa Mahallesi\u2019nde gen\u00e7 giri\u015fimci karde\u015fler Ayta\u00e7 ve Ahmet \u00dcnl\u00fcko\u00e7, ba\u011f fidan\u0131 \u00fcretiminde \u00f6nemli bir ba\u015far\u0131ya imza at\u0131yor. \u00dcnl\u00fcko\u00e7 karde\u015fler, 2 dekar\u0131 sera olmak \u00fczere toplam 28 dekar a\u00e7\u0131k alanda; 300 bin a\u00e7\u0131k k\u00f6kl\u00fc, 300 bin t\u00fcpl\u00fc ve 100 bin a\u015f\u0131l\u0131 olmak \u00fczere bu y\u0131l 700 bin adet \u00fcz\u00fcm fidan\u0131 \u00fcretmeyi hedefliyor.<br \/>\n<br \/>Ge\u00e7ti\u011fimiz y\u0131l 140 bin adet fidan \u00fcretimi ger\u00e7ekle\u015ftiren karde\u015fler, k\u0131sa s\u00fcrede \u00fcretim kapasitelerini art\u0131rarak Sar\u0131g\u00f6l ekonomisine ve b\u00f6lge tar\u0131m\u0131na katk\u0131 sa\u011flamay\u0131 ama\u00e7l\u0131yor.<\/p>\n<p>&#8220;Hayalim her zaman kendi i\u015fimi kurmakt\u0131&#8221;<br \/>\n<br \/>\u00dcretici karde\u015flerden 26 ya\u015f\u0131ndaki Ayta\u00e7 \u00dcnl\u00fcko\u00e7, \u00fcniversitede in\u015faat b\u00f6l\u00fcm\u00fcnden mezun olduktan sonra yakla\u015f\u0131k 4 y\u0131l \u00e7e\u015fitli in\u015faat firmalar\u0131nda ve farkl\u0131 sekt\u00f6rlerde \u00e7al\u0131\u015ft\u0131\u011f\u0131n\u0131 belirterek, &#8220;Hayalim her zaman kendi i\u015fimi kurmakt\u0131. Abim Ahmet \u00dcnl\u00fcko\u00e7 ile d\u00fc\u015f\u00fcncemiz her zaman \u00fcretimden yana oldu. B\u00f6lgemizde ba\u011fc\u0131l\u0131k yayg\u0131n oldu\u011fu i\u00e7in giri\u015fimimiz ba\u011f fidan\u0131 \u00fcretimi oldu. Ge\u00e7en y\u0131l ortalama 140 bin fidan \u00fcrettik. Bu y\u0131l hedefimiz 700 bin fidan. Sat\u0131\u015flar\u0131m\u0131z\u0131 a\u011f\u0131rl\u0131kl\u0131 olarak Ege B\u00f6lgesi\u2019ne, k\u0131smen de Orta Karadeniz ve \u0130\u00e7 Anadolu b\u00f6lgelerine yapt\u0131k. Hayalimiz birka\u00e7 y\u0131l i\u00e7inde yurt d\u0131\u015f\u0131 pazar\u0131na ula\u015fmak&#8221; dedi.<\/p>\n<p>Son 5 ayda 2 bin 500 ki\u015fiye istihdam<br \/>\n<br \/>\u00dcretim s\u00fcrecine ili\u015fkin bilgi veren Ayta\u00e7 \u00dcnl\u00fcko\u00e7, &#8220;Aral\u0131k ve ocak aylar\u0131nda fidan \u00e7elik al\u0131m\u0131 yap\u0131yoruz. \u015eubat ay\u0131nda t\u00fcp (kese) dolumu, mart ve nisan aylar\u0131nda ise a\u015f\u0131 ve dikim i\u015flemleri ger\u00e7ekle\u015ftiriliyor. Yakla\u015f\u0131k 5 ayl\u0131k bu yo\u011fun \u00fcretim maratonunda toplam 2 bin 500 i\u015f\u00e7i \u00e7al\u0131\u015ft\u0131r\u0131yoruz&#8221; diye konu\u015ftu.<\/p>\n<p>Fidanlarla 25 farkl\u0131 \u00fcz\u00fcm \u00e7e\u015fidi \u00fcretiliyor<br \/>\n<br \/>\u00dcnl\u00fcko\u00e7 karde\u015fler; Sultaniye, K7, S1, Thomson, Mevlana, Superior, Crimson, Antep Karas\u0131, Red Globe, Alphonse, Michele Palieri, Cardinal, \u015eiraz, Merlot, Bo\u011fazkere, \u00d6k\u00fczg\u00f6z\u00fc ba\u015fta olmak \u00fczere toplam 25 farkl\u0131 \u00fcz\u00fcm \u00e7e\u015fidinin fidan\u0131n\u0131 \u00fcrettiklerini, ayr\u0131ca talebe g\u00f6re farkl\u0131 \u00fcz\u00fcm \u00e7e\u015fitlerinin de \u00fcretimini yapt\u0131klar\u0131n\u0131 ifade etti.<\/p>\n<p>&#8220;Vizyonumuz kaliteli ve g\u00fcvenilir fidan \u00fcretimi&#8221;<br \/>\n<br \/>Karde\u015flerden 29 ya\u015f\u0131ndaki Ziraat M\u00fchendisi Ahmet \u00dcnl\u00fcko\u00e7 ise, &#8220;7 y\u0131ld\u0131r \u00f6zel bir zirai ila\u00e7 firmas\u0131nda Ege B\u00f6lgesi sat\u0131\u015f temsilcisi olarak \u00e7al\u0131\u015f\u0131yorum. Karde\u015fimle \u00e7\u0131kt\u0131\u011f\u0131m\u0131z bu yolda vizyonumuz; kaliteli, sa\u011fl\u0131kl\u0131 ve g\u00fcvenilir fidan \u00fcretimi yapmak. Hayal kurduk, d\u00fc\u015f\u00fcnd\u00fck ve hayata ge\u00e7irdik. Uzun y\u0131llard\u0131r pazarlama alan\u0131nda \u00e7al\u0131\u015f\u0131yoruz. Do\u011fru ve bilin\u00e7li \u00fcretim yapt\u0131\u011f\u0131m\u0131z s\u00fcrece pazarlamada sorun ya\u015fayaca\u011f\u0131m\u0131z\u0131 d\u00fc\u015f\u00fcnm\u00fcyoruz&#8221; dedi.<br \/>\n<br \/>\u0130ki m\u00fchendis karde\u015f, \u00fcz\u00fcm fidan\u0131n\u0131n yan\u0131 s\u0131ra 20 bin adet zeytin fidan\u0131 ve \u00e7e\u015fitli meyve fidanlar\u0131n\u0131n da \u00fcretimini yapt\u0131klar\u0131n\u0131, T\u00fcrkiye\u2019nin her yerine kargo ile fidan g\u00f6nderdiklerini kaydetti.<br \/><\/p>\n","protected":false},"excerpt":{"rendered":"<p>Manisa\u2019n\u0131n Sar\u0131g\u00f6l il\u00e7esinde gen\u00e7 giri\u015fimci karde\u015fler Ayta\u00e7 ve Ahmet \u00dcnl\u00fcko\u00e7, 25 farkl\u0131 \u00fcz\u00fcm \u00e7e\u015fidinde bu y\u0131l 700 bin fidan \u00fcretim hedefiyle hem b\u00f6lge tar\u0131m\u0131na hem de istihdama g\u00fc\u00e7l\u00fc bir ekonomik katk\u0131 sa\u011fl\u0131yor. Fidan \u00fcretiminde 2 bin 500 ki\u015fiye istihdam sa\u011fland\u0131\u011f\u0131 \u00f6\u011frenildi. Manisa\u2019n\u0131n Sar\u0131g\u00f6l il\u00e7esine ba\u011fl\u0131 Ahmeta\u011fa Mahallesi\u2019nde gen\u00e7 giri\u015fimci karde\u015fler Ayta\u00e7 ve Ahmet \u00dcnl\u00fcko\u00e7, ba\u011f&#8230;<\/p>\n","protected":false},"author":1,"featured_media":77411,"comment_status":"open","ping_status":"open","sticky":false,"template":"","format":"standard","meta":{"_crdt_document":"","footnotes":""},"categories":[125],"tags":[],"class_list":["post-77410","post","type-post","status-publish","format-standard","has-post-thumbnail","hentry","category-ekonomi"],"_links":{"self":[{"href":"https:\/\/www.egemtv.com\/index.php?rest_route=\/wp\/v2\/posts\/77410","targetHints":{"allow":["GET"]}}],"collection":[{"href":"https:\/\/www.egemtv.com\/index.php?rest_route=\/wp\/v2\/posts"}],"about":[{"href":"https:\/\/www.egemtv.com\/index.php?rest_route=\/wp\/v2\/types\/post"}],"author":[{"embeddable":true,"href":"https:\/\/www.egemtv.com\/index.php?rest_route=\/wp\/v2\/users\/1"}],"replies":[{"embeddable":true,"href":"https:\/\/www.egemtv.com\/index.php?rest_route=%2Fwp%2Fv2%2Fcomments&post=77410"}],"version-history":[{"count":1,"href":"https:\/\/www.egemtv.com\/index.php?rest_route=\/wp\/v2\/posts\/77410\/revisions"}],"predecessor-version":[{"id":77412,"href":"https:\/\/www.egemtv.com\/index.php?rest_route=\/wp\/v2\/posts\/77410\/revisions\/77412"}],"wp:featuredmedia":[{"embeddable":true,"href":"https:\/\/www.egemtv.com\/index.php?rest_route=\/wp\/v2\/media\/77411"}],"wp:attachment":[{"href":"https:\/\/www.egemtv.com\/index.php?rest_route=%2Fwp%2Fv2%2Fmedia&parent=77410"}],"wp:term":[{"taxonomy":"category","embeddable":true,"href":"https:\/\/www.egemtv.com\/index.php?rest_route=%2Fwp%2Fv2%2Fcategories&post=77410"},{"taxonomy":"post_tag","embeddable":true,"href":"https:\/\/www.egemtv.com\/index.php?rest_route=%2Fwp%2Fv2%2Ftags&post=77410"}],"curies":[{"name":"wp","href":"https:\/\/api.w.org\/{rel}","templated":true}]}}