{"id":77407,"date":"2025-12-30T08:14:48","date_gmt":"2025-12-30T05:14:48","guid":{"rendered":"https:\/\/www.egemtv.com\/?p=77407"},"modified":"2025-12-30T08:14:49","modified_gmt":"2025-12-30T05:14:49","slug":"izmirde-kooperatiflere-iliskin-zimmet-sorusturmasi-soyer-ve-aslanoglu-tutuklandi","status":"publish","type":"post","link":"https:\/\/www.egemtv.com\/?p=77407","title":{"rendered":"\u0130zmir\u2019de kooperatiflere ili\u015fkin \u2018zimmet\u2019 soru\u015fturmas\u0131: Soyer ve Aslano\u011flu tutukland\u0131"},"content":{"rendered":"<p>\u0130zmir Cumhuriyet Ba\u015fsavc\u0131l\u0131\u011f\u0131 taraf\u0131ndan S.S. \u0130\u015f \u0130nsanlar\u0131 \u00d6rnekk\u00f6y Konut Yap\u0131 Kooperatifi\u2019ne y\u00f6nelik y\u00fcr\u00fct\u00fclen &#8220;zimmet&#8221; soru\u015fturma kapsam\u0131nda, aralar\u0131nda  eski \u0130zmir B\u00fcy\u00fck\u015fehir Belediyesi Ba\u015fkan\u0131 Tun\u00e7 Soyer ve eski CHP \u0130zmir \u0130l Ba\u015fkan\u0131 \u015eenol Aslano\u011flu\u2019nun da bulundu\u011fu 5 ki\u015fi tutukland\u0131.<br \/>\n<br \/>\u0130zmir Cumhuriyet Ba\u015fsavc\u0131l\u0131\u011f\u0131 koordinesinde y\u00fcr\u00fct\u00fclen soru\u015fturma \u00e7er\u00e7evesinde, S.S. \u0130\u015f \u0130nsanlar\u0131 \u00d6rnekk\u00f6y Konut Yap\u0131 Kooperatifi \u00fcyelerinin ma\u011fdur edildi\u011fi ve kooperatif i\u015flemlerinde usuls\u00fczl\u00fck yap\u0131ld\u0131\u011f\u0131 iddialar\u0131 \u00fczerine operasyon ba\u015flat\u0131ld\u0131. \u0130l Emniyet M\u00fcd\u00fcrl\u00fc\u011f\u00fc Mali Su\u00e7larla M\u00fccadele \u015eube M\u00fcd\u00fcrl\u00fc\u011f\u00fc ekiplerince 26 Aral\u0131k tarihinde d\u00fczenlenen operasyonda, eski Cumhuriyet Halk Partisi (CHP) \u0130zmir  \u0130l Ba\u015fkan\u0131 \u015eenol Aslano\u011flu ile kooperatif ve ta\u015feron firma yetkilileri g\u00f6zalt\u0131na al\u0131nd\u0131. Emniyetteki i\u015flemleri tamamlanan \u015f\u00fcpheliler, 29 Aral\u0131k sabah\u0131 adliyeye sevk edildi. Savc\u0131l\u0131k sorgular\u0131n\u0131n ard\u0131ndan n\u00f6bet\u00e7i sulh ceza hakimli\u011fine \u00e7\u0131kar\u0131lan \u015f\u00fcpheliler hakk\u0131nda karar verildi.<\/p>\n<p>5 tutuklama, 6 adli kontrol<br \/>\n<br \/>Mahkeme; eski \u0130zmir B\u00fcy\u00fck\u015fehir Belediyesi Ba\u015fkan\u0131 Tun\u00e7 Soyer, \u0130ZBETON eski Genel M\u00fcd\u00fcr\u00fc Heval Sava\u015f Kaya, CHP \u0130zmir eski \u0130l Ba\u015fkan\u0131 \u015eenol Aslano\u011flu ile i\u015f insanlar\u0131 Burak Bak\u0131r ve Y\u0131ld\u0131r\u0131m Kuruo\u011fullar\u0131\u2019n\u0131n tutuklanmas\u0131na karar verdi. Soru\u015fturma kapsam\u0131nda g\u00f6zalt\u0131nda bulunan di\u011fer \u015f\u00fcpheliler M.B., K.M., A.D., Y.E., D.\u00c7. ve E.\u015e. ise adli kontrol \u015fart\u0131yla serbest b\u0131rak\u0131ld\u0131.<br \/>\n<br \/>\u0130ZBETON\u2019a y\u00f6nelik yolsuzluk soru\u015fturmas\u0131 kapsam\u0131nda a\u00e7\u0131lan kooperatif davas\u0131nda tutuklu bulunan Soyer ve Kaya, Ses ve G\u00f6r\u00fcnt\u00fc Bili\u015fim Sistemi (SEGB\u0130S) arac\u0131l\u0131\u011f\u0131yla ifade verdi.<br \/><\/p>\n","protected":false},"excerpt":{"rendered":"<p>\u0130zmir Cumhuriyet Ba\u015fsavc\u0131l\u0131\u011f\u0131 taraf\u0131ndan S.S. \u0130\u015f \u0130nsanlar\u0131 \u00d6rnekk\u00f6y Konut Yap\u0131 Kooperatifi\u2019ne y\u00f6nelik y\u00fcr\u00fct\u00fclen &#8220;zimmet&#8221; soru\u015fturma kapsam\u0131nda, aralar\u0131nda eski \u0130zmir B\u00fcy\u00fck\u015fehir Belediyesi Ba\u015fkan\u0131 Tun\u00e7 Soyer ve eski CHP \u0130zmir \u0130l Ba\u015fkan\u0131 \u015eenol Aslano\u011flu\u2019nun da bulundu\u011fu 5 ki\u015fi tutukland\u0131. \u0130zmir Cumhuriyet Ba\u015fsavc\u0131l\u0131\u011f\u0131 koordinesinde y\u00fcr\u00fct\u00fclen soru\u015fturma \u00e7er\u00e7evesinde, S.S. \u0130\u015f \u0130nsanlar\u0131 \u00d6rnekk\u00f6y Konut Yap\u0131 Kooperatifi \u00fcyelerinin ma\u011fdur edildi\u011fi ve&#8230;<\/p>\n","protected":false},"author":1,"featured_media":77408,"comment_status":"open","ping_status":"open","sticky":false,"template":"","format":"standard","meta":{"_crdt_document":"","footnotes":""},"categories":[5],"tags":[],"class_list":["post-77407","post","type-post","status-publish","format-standard","has-post-thumbnail","hentry","category-asayis"],"_links":{"self":[{"href":"https:\/\/www.egemtv.com\/index.php?rest_route=\/wp\/v2\/posts\/77407","targetHints":{"allow":["GET"]}}],"collection":[{"href":"https:\/\/www.egemtv.com\/index.php?rest_route=\/wp\/v2\/posts"}],"about":[{"href":"https:\/\/www.egemtv.com\/index.php?rest_route=\/wp\/v2\/types\/post"}],"author":[{"embeddable":true,"href":"https:\/\/www.egemtv.com\/index.php?rest_route=\/wp\/v2\/users\/1"}],"replies":[{"embeddable":true,"href":"https:\/\/www.egemtv.com\/index.php?rest_route=%2Fwp%2Fv2%2Fcomments&post=77407"}],"version-history":[{"count":1,"href":"https:\/\/www.egemtv.com\/index.php?rest_route=\/wp\/v2\/posts\/77407\/revisions"}],"predecessor-version":[{"id":77409,"href":"https:\/\/www.egemtv.com\/index.php?rest_route=\/wp\/v2\/posts\/77407\/revisions\/77409"}],"wp:featuredmedia":[{"embeddable":true,"href":"https:\/\/www.egemtv.com\/index.php?rest_route=\/wp\/v2\/media\/77408"}],"wp:attachment":[{"href":"https:\/\/www.egemtv.com\/index.php?rest_route=%2Fwp%2Fv2%2Fmedia&parent=77407"}],"wp:term":[{"taxonomy":"category","embeddable":true,"href":"https:\/\/www.egemtv.com\/index.php?rest_route=%2Fwp%2Fv2%2Fcategories&post=77407"},{"taxonomy":"post_tag","embeddable":true,"href":"https:\/\/www.egemtv.com\/index.php?rest_route=%2Fwp%2Fv2%2Ftags&post=77407"}],"curies":[{"name":"wp","href":"https:\/\/api.w.org\/{rel}","templated":true}]}}