{"id":77404,"date":"2025-12-30T00:34:38","date_gmt":"2025-12-29T21:34:38","guid":{"rendered":"https:\/\/www.egemtv.com\/?p=77404"},"modified":"2025-12-30T00:34:38","modified_gmt":"2025-12-29T21:34:38","slug":"kendisinden-haber-alinamayan-kadin-evde-olu-bulundu","status":"publish","type":"post","link":"https:\/\/www.egemtv.com\/?p=77404","title":{"rendered":"Kendisinden haber al\u0131namayan kad\u0131n evde \u00f6l\u00fc bulundu"},"content":{"rendered":"<p>Ayd\u0131n\u2019\u0131n Efeler il\u00e7esinde kendisinden bir s\u00fcredir haber al\u0131namayan kad\u0131n evinde \u00f6l\u00fc olarak bulundu.<br \/>\n<br \/>Olay, Me\u015frutiyet Mahallesi 2063 sokakta meydana geldi. Edinilen bilgiye g\u00f6re, d\u00f6rt katl\u0131 bir apartman\u0131n son kat\u0131nda ikamet eden Fadime Ya\u011fuz\u2019a (58) ula\u015famayan yak\u0131nlar\u0131 sa\u011fl\u0131k durumundan endi\u015felenerek durumu 112 Acil \u00c7a\u011fr\u0131 Merkezi\u2019ne bildirdi. \u0130hbar \u00fczerine b\u00f6lgeye sa\u011fl\u0131k, polis ve itfaiye ekipleri sevk edildi. K\u0131sa s\u00fcrede olay yerine gelen Ayd\u0131n B\u00fcy\u00fck\u015fehir Belediyesi \u0130tfaiye Daire Ba\u015fkanl\u0131\u011f\u0131 ekipleri merdivenli ara\u00e7 marifeti ile eve girerek kap\u0131y\u0131 a\u00e7t\u0131. Evde hareketsiz halde bulunan Ya\u011fuz\u2019un sa\u011fl\u0131k ekiplerince yap\u0131lan kontrollerde hayat\u0131n\u0131 kaybetti\u011fi belirlendi. Ya\u011fuz\u2019un \u00f6l\u00fcm haberini alan yak\u0131nlar\u0131 yasa bo\u011fuldu.<br \/>\n<br \/>Olayla ilgili soru\u015fturma s\u00fcr\u00fcyor.<br \/><\/p>\n","protected":false},"excerpt":{"rendered":"<p>Ayd\u0131n\u2019\u0131n Efeler il\u00e7esinde kendisinden bir s\u00fcredir haber al\u0131namayan kad\u0131n evinde \u00f6l\u00fc olarak bulundu. Olay, Me\u015frutiyet Mahallesi 2063 sokakta meydana geldi. Edinilen bilgiye g\u00f6re, d\u00f6rt katl\u0131 bir apartman\u0131n son kat\u0131nda ikamet eden Fadime Ya\u011fuz\u2019a (58) ula\u015famayan yak\u0131nlar\u0131 sa\u011fl\u0131k durumundan endi\u015felenerek durumu 112 Acil \u00c7a\u011fr\u0131 Merkezi\u2019ne bildirdi. \u0130hbar \u00fczerine b\u00f6lgeye sa\u011fl\u0131k, polis ve itfaiye ekipleri sevk edildi&#8230;.<\/p>\n","protected":false},"author":1,"featured_media":77405,"comment_status":"open","ping_status":"open","sticky":false,"template":"","format":"standard","meta":{"_crdt_document":"","footnotes":""},"categories":[5],"tags":[],"class_list":["post-77404","post","type-post","status-publish","format-standard","has-post-thumbnail","hentry","category-asayis"],"_links":{"self":[{"href":"https:\/\/www.egemtv.com\/index.php?rest_route=\/wp\/v2\/posts\/77404","targetHints":{"allow":["GET"]}}],"collection":[{"href":"https:\/\/www.egemtv.com\/index.php?rest_route=\/wp\/v2\/posts"}],"about":[{"href":"https:\/\/www.egemtv.com\/index.php?rest_route=\/wp\/v2\/types\/post"}],"author":[{"embeddable":true,"href":"https:\/\/www.egemtv.com\/index.php?rest_route=\/wp\/v2\/users\/1"}],"replies":[{"embeddable":true,"href":"https:\/\/www.egemtv.com\/index.php?rest_route=%2Fwp%2Fv2%2Fcomments&post=77404"}],"version-history":[{"count":1,"href":"https:\/\/www.egemtv.com\/index.php?rest_route=\/wp\/v2\/posts\/77404\/revisions"}],"predecessor-version":[{"id":77406,"href":"https:\/\/www.egemtv.com\/index.php?rest_route=\/wp\/v2\/posts\/77404\/revisions\/77406"}],"wp:featuredmedia":[{"embeddable":true,"href":"https:\/\/www.egemtv.com\/index.php?rest_route=\/wp\/v2\/media\/77405"}],"wp:attachment":[{"href":"https:\/\/www.egemtv.com\/index.php?rest_route=%2Fwp%2Fv2%2Fmedia&parent=77404"}],"wp:term":[{"taxonomy":"category","embeddable":true,"href":"https:\/\/www.egemtv.com\/index.php?rest_route=%2Fwp%2Fv2%2Fcategories&post=77404"},{"taxonomy":"post_tag","embeddable":true,"href":"https:\/\/www.egemtv.com\/index.php?rest_route=%2Fwp%2Fv2%2Ftags&post=77404"}],"curies":[{"name":"wp","href":"https:\/\/api.w.org\/{rel}","templated":true}]}}