{"id":77401,"date":"2025-12-30T00:14:33","date_gmt":"2025-12-29T21:14:33","guid":{"rendered":"https:\/\/www.egemtv.com\/?p=77401"},"modified":"2025-12-30T00:14:34","modified_gmt":"2025-12-29T21:14:34","slug":"bodrum-fk-baskani-askin-demir-gorevinden-ayriliyor","status":"publish","type":"post","link":"https:\/\/www.egemtv.com\/?p=77401","title":{"rendered":"Bodrum FK Ba\u015fkan\u0131 A\u015fk\u0131n Demir g\u00f6revinden ayr\u0131l\u0131yor"},"content":{"rendered":"<p>Bodrum Futbol Kul\u00fcb\u00fc Y\u00f6netim Kurulu Ba\u015fkan\u0131 A\u015fk\u0131n Demir, ya\u015fad\u0131\u011f\u0131 sa\u011fl\u0131k sorunlar\u0131 nedeniyle g\u00f6revinden ayr\u0131lma karar\u0131 ald\u0131\u011f\u0131n\u0131 a\u00e7\u0131klad\u0131.<br \/>\n<br \/>Bodrum Futbol Kul\u00fcb\u00fc Ba\u015fkan\u0131 A\u015fk\u0131n Demir, yaz\u0131l\u0131 bir a\u00e7\u0131klama yaparak, hissedar\u0131 olmaktan mutluluk duydu\u011fu Bodrum Futbol Kul\u00fcb\u00fc\u2019nde y\u00fcr\u00fctt\u00fc\u011f\u00fc y\u00f6netim kurulu ba\u015fkanl\u0131\u011f\u0131 g\u00f6revini b\u0131rakaca\u011f\u0131n\u0131 belirtti. Demir, Bodrumspor Sportif Faaliyetleri A.\u015e.\u2019de Ocak 2026 tarihinde yap\u0131lacak ola\u011fan\u00fcst\u00fc genel kurulda yeniden aday olmayaca\u011f\u0131n\u0131 ifade etti.<br \/>\n<br \/>Kul\u00fcb\u00fc devrederken finansal a\u00e7\u0131dan d\u0131\u015far\u0131ya bor\u00e7suz, mali ve idari y\u00f6nden ibra edilmi\u015f bir yap\u0131 b\u0131rakaca\u011f\u0131n\u0131 vurgulayan Demir, g\u00f6rev s\u00fcresi boyunca Bodrum\u2019a ve T\u00fcrk futboluna de\u011fer katma hedefiyle hareket etti\u011fini kaydetti.<br \/>\n<br \/>A\u015fk\u0131n Demir a\u00e7\u0131klamas\u0131nda; hissedarlara, y\u00f6netim kurulu \u00fcyelerine, teknik ekip ve futbolculara, idari personele, sivil toplum \u00f6rg\u00fctlerine ve taraftarlara desteklerinden dolay\u0131 te\u015fekk\u00fcr etti. Demir, Bodrum Futbol Kul\u00fcb\u00fc\u2019n\u00fcn ba\u015far\u0131lar\u0131n\u0131n artarak devam etmesini dileyerek, genel kurul sonras\u0131 g\u00f6revi devralacak yeni y\u00f6netime ba\u015far\u0131 temennisinde bulundu.<br \/><\/p>\n","protected":false},"excerpt":{"rendered":"<p>Bodrum Futbol Kul\u00fcb\u00fc Y\u00f6netim Kurulu Ba\u015fkan\u0131 A\u015fk\u0131n Demir, ya\u015fad\u0131\u011f\u0131 sa\u011fl\u0131k sorunlar\u0131 nedeniyle g\u00f6revinden ayr\u0131lma karar\u0131 ald\u0131\u011f\u0131n\u0131 a\u00e7\u0131klad\u0131. Bodrum Futbol Kul\u00fcb\u00fc Ba\u015fkan\u0131 A\u015fk\u0131n Demir, yaz\u0131l\u0131 bir a\u00e7\u0131klama yaparak, hissedar\u0131 olmaktan mutluluk duydu\u011fu Bodrum Futbol Kul\u00fcb\u00fc\u2019nde y\u00fcr\u00fctt\u00fc\u011f\u00fc y\u00f6netim kurulu ba\u015fkanl\u0131\u011f\u0131 g\u00f6revini b\u0131rakaca\u011f\u0131n\u0131 belirtti. Demir, Bodrumspor Sportif Faaliyetleri A.\u015e.\u2019de Ocak 2026 tarihinde yap\u0131lacak ola\u011fan\u00fcst\u00fc genel kurulda yeniden aday&#8230;<\/p>\n","protected":false},"author":1,"featured_media":77402,"comment_status":"open","ping_status":"open","sticky":false,"template":"","format":"standard","meta":{"_crdt_document":"","footnotes":""},"categories":[4],"tags":[],"class_list":["post-77401","post","type-post","status-publish","format-standard","has-post-thumbnail","hentry","category-spor"],"_links":{"self":[{"href":"https:\/\/www.egemtv.com\/index.php?rest_route=\/wp\/v2\/posts\/77401","targetHints":{"allow":["GET"]}}],"collection":[{"href":"https:\/\/www.egemtv.com\/index.php?rest_route=\/wp\/v2\/posts"}],"about":[{"href":"https:\/\/www.egemtv.com\/index.php?rest_route=\/wp\/v2\/types\/post"}],"author":[{"embeddable":true,"href":"https:\/\/www.egemtv.com\/index.php?rest_route=\/wp\/v2\/users\/1"}],"replies":[{"embeddable":true,"href":"https:\/\/www.egemtv.com\/index.php?rest_route=%2Fwp%2Fv2%2Fcomments&post=77401"}],"version-history":[{"count":1,"href":"https:\/\/www.egemtv.com\/index.php?rest_route=\/wp\/v2\/posts\/77401\/revisions"}],"predecessor-version":[{"id":77403,"href":"https:\/\/www.egemtv.com\/index.php?rest_route=\/wp\/v2\/posts\/77401\/revisions\/77403"}],"wp:featuredmedia":[{"embeddable":true,"href":"https:\/\/www.egemtv.com\/index.php?rest_route=\/wp\/v2\/media\/77402"}],"wp:attachment":[{"href":"https:\/\/www.egemtv.com\/index.php?rest_route=%2Fwp%2Fv2%2Fmedia&parent=77401"}],"wp:term":[{"taxonomy":"category","embeddable":true,"href":"https:\/\/www.egemtv.com\/index.php?rest_route=%2Fwp%2Fv2%2Fcategories&post=77401"},{"taxonomy":"post_tag","embeddable":true,"href":"https:\/\/www.egemtv.com\/index.php?rest_route=%2Fwp%2Fv2%2Ftags&post=77401"}],"curies":[{"name":"wp","href":"https:\/\/api.w.org\/{rel}","templated":true}]}}