{"id":77398,"date":"2025-12-29T21:54:35","date_gmt":"2025-12-29T18:54:35","guid":{"rendered":"https:\/\/www.egemtv.com\/?p=77398"},"modified":"2025-12-29T21:54:36","modified_gmt":"2025-12-29T18:54:36","slug":"apartmandan-ayakkabi-hirsizligi-kameraya-yansidi","status":"publish","type":"post","link":"https:\/\/www.egemtv.com\/?p=77398","title":{"rendered":"Apartmandan ayakkab\u0131 h\u0131rs\u0131zl\u0131\u011f\u0131 kameraya yans\u0131d\u0131"},"content":{"rendered":"<p>Manisa\u2019n\u0131n Turgutlu il\u00e7esinde apartman dairelerinin \u00f6nlerinde b\u0131rak\u0131lan ayakkab\u0131lar\u0131n \u00e7al\u0131nmas\u0131 mahalle sakinlerini tedirgin etti. H\u0131rs\u0131zl\u0131k an\u0131, g\u00fcvenlik kameralar\u0131na yans\u0131d\u0131.<br \/>\n<br \/>Edinilen bilgiye g\u00f6re, Turgutlu il\u00e7esine ba\u011fl\u0131 Selvilitepe Mahallesi \u00c7a\u011fda\u015f Sokak\u2019ta son g\u00fcnlerde ya\u015fanan ayakkab\u0131 h\u0131rs\u0131zl\u0131klar\u0131 \u00fczerine apartman sakinleri durumu fark ederek bina i\u00e7i ve d\u0131\u015f\u0131ndaki g\u00fcvenlik kameralar\u0131n\u0131 inceledi. Kamera g\u00f6r\u00fcnt\u00fclerinde, bir \u015fahs\u0131n apartman giri\u015flerini tek tek kontrol ederek kap\u0131 \u00f6nlerinde bulunan ayakkab\u0131lar\u0131 ald\u0131\u011f\u0131 anlar net \u015fekilde g\u00f6r\u00fcld\u00fc. \u015eahs\u0131n tan\u0131nmamak i\u00e7in maske takt\u0131\u011f\u0131 g\u00f6r\u00fcld\u00fc.<br \/>\n<br \/>Ya\u015fanan olaylar sonras\u0131 mahalle sakinleri duruma tepki g\u00f6stererek yetkililere \u015fikayette bulundu. Vatanda\u015flar, \u00f6zellikle ak\u015fam ve gece saatlerinde benzer olaylar\u0131n ya\u015fand\u0131\u011f\u0131n\u0131 ifade ederek g\u00fcvenlik \u00f6nlemlerinin art\u0131r\u0131lmas\u0131n\u0131 talep etti.<br \/>\n<br \/>\u00d6te yandan, elde edilen kamera kay\u0131tlar\u0131n\u0131n emniyet birimlerine teslim edildi\u011fi \u00f6\u011frenilirken, olayla ilgili incelemenin s\u00fcrd\u00fc\u011f\u00fc bildirildi.<br \/><\/p>\n","protected":false},"excerpt":{"rendered":"<p>Manisa\u2019n\u0131n Turgutlu il\u00e7esinde apartman dairelerinin \u00f6nlerinde b\u0131rak\u0131lan ayakkab\u0131lar\u0131n \u00e7al\u0131nmas\u0131 mahalle sakinlerini tedirgin etti. H\u0131rs\u0131zl\u0131k an\u0131, g\u00fcvenlik kameralar\u0131na yans\u0131d\u0131. Edinilen bilgiye g\u00f6re, Turgutlu il\u00e7esine ba\u011fl\u0131 Selvilitepe Mahallesi \u00c7a\u011fda\u015f Sokak\u2019ta son g\u00fcnlerde ya\u015fanan ayakkab\u0131 h\u0131rs\u0131zl\u0131klar\u0131 \u00fczerine apartman sakinleri durumu fark ederek bina i\u00e7i ve d\u0131\u015f\u0131ndaki g\u00fcvenlik kameralar\u0131n\u0131 inceledi. Kamera g\u00f6r\u00fcnt\u00fclerinde, bir \u015fahs\u0131n apartman giri\u015flerini tek tek kontrol&#8230;<\/p>\n","protected":false},"author":1,"featured_media":77399,"comment_status":"open","ping_status":"open","sticky":false,"template":"","format":"standard","meta":{"_crdt_document":"","footnotes":""},"categories":[5],"tags":[],"class_list":["post-77398","post","type-post","status-publish","format-standard","has-post-thumbnail","hentry","category-asayis"],"_links":{"self":[{"href":"https:\/\/www.egemtv.com\/index.php?rest_route=\/wp\/v2\/posts\/77398","targetHints":{"allow":["GET"]}}],"collection":[{"href":"https:\/\/www.egemtv.com\/index.php?rest_route=\/wp\/v2\/posts"}],"about":[{"href":"https:\/\/www.egemtv.com\/index.php?rest_route=\/wp\/v2\/types\/post"}],"author":[{"embeddable":true,"href":"https:\/\/www.egemtv.com\/index.php?rest_route=\/wp\/v2\/users\/1"}],"replies":[{"embeddable":true,"href":"https:\/\/www.egemtv.com\/index.php?rest_route=%2Fwp%2Fv2%2Fcomments&post=77398"}],"version-history":[{"count":1,"href":"https:\/\/www.egemtv.com\/index.php?rest_route=\/wp\/v2\/posts\/77398\/revisions"}],"predecessor-version":[{"id":77400,"href":"https:\/\/www.egemtv.com\/index.php?rest_route=\/wp\/v2\/posts\/77398\/revisions\/77400"}],"wp:featuredmedia":[{"embeddable":true,"href":"https:\/\/www.egemtv.com\/index.php?rest_route=\/wp\/v2\/media\/77399"}],"wp:attachment":[{"href":"https:\/\/www.egemtv.com\/index.php?rest_route=%2Fwp%2Fv2%2Fmedia&parent=77398"}],"wp:term":[{"taxonomy":"category","embeddable":true,"href":"https:\/\/www.egemtv.com\/index.php?rest_route=%2Fwp%2Fv2%2Fcategories&post=77398"},{"taxonomy":"post_tag","embeddable":true,"href":"https:\/\/www.egemtv.com\/index.php?rest_route=%2Fwp%2Fv2%2Ftags&post=77398"}],"curies":[{"name":"wp","href":"https:\/\/api.w.org\/{rel}","templated":true}]}}