{"id":77395,"date":"2025-12-29T21:35:14","date_gmt":"2025-12-29T18:35:14","guid":{"rendered":"https:\/\/www.egemtv.com\/?p=77395"},"modified":"2025-12-29T21:35:15","modified_gmt":"2025-12-29T18:35:15","slug":"chp-genel-baskani-ozel-sehzadeler-belediyesini-ziyaret-etti","status":"publish","type":"post","link":"https:\/\/www.egemtv.com\/?p=77395","title":{"rendered":"CHP Genel Ba\u015fkan\u0131 \u00d6zel, \u015eehzadeler Belediyesini ziyaret etti"},"content":{"rendered":"<p>Cumhuriyet Halk Partisi (CHP) Genel Ba\u015fkan\u0131 \u00d6zg\u00fcr \u00d6zel, Manisa\u2019da \u015eehzadeler Belediye Ba\u015fkan\u0131 G\u00fcl\u015fah Durbay\u2019\u0131n vefat\u0131n\u0131n ard\u0131ndan \u015eehzadeler Belediyesi\u2019ne taziye ziyaretinde bulundu.<br \/>\n<br \/>Kanser ve \u00e7oklu organ yetmezli\u011fi nedeniyle hayat\u0131n\u0131 kaybeden \u015eehzadeler Belediye Ba\u015fkan\u0131 G\u00fcl\u015fah Durbay\u2019\u0131n vefat\u0131n\u0131n ard\u0131ndan 3 g\u00fcn boyunca Manisa\u2019da taziyeye kat\u0131lan CHP Genel Ba\u015fkan\u0131 \u00d6zg\u00fcr \u00d6zel, taziye i\u00e7in \u015eehzadeler Belediyesini ziyaret etti. \u015eehzadeler Belediye Ba\u015fkan\u0131 olarak se\u00e7ilen Hakan \u015eim\u015fek ve belediye meclis \u00fcyeleriyle bir araya gelen CHP lideri \u00d6zel, Ba\u015fkan G\u00fcl\u015fah Durbay\u2019\u0131n vefat\u0131n\u0131n ard\u0131ndan orataya koyduklar\u0131 tutum i\u00e7in te\u015fekk\u00fcr etti. \u00d6zel\u2019e ziyareti s\u0131ras\u0131nda CHP Manisa \u0130l Ba\u015fkan\u0131 \u0130lksen \u00d6zalper, Yunusemre Belediye Ba\u015fkan\u0131 Semih Balaban, CHP \u015eehzadeler \u0130l\u00e7e Ba\u015fkan\u0131 Mert \u00d6zk\u00f6semen de e\u015flik etti.<br \/><\/p>\n","protected":false},"excerpt":{"rendered":"<p>Cumhuriyet Halk Partisi (CHP) Genel Ba\u015fkan\u0131 \u00d6zg\u00fcr \u00d6zel, Manisa\u2019da \u015eehzadeler Belediye Ba\u015fkan\u0131 G\u00fcl\u015fah Durbay\u2019\u0131n vefat\u0131n\u0131n ard\u0131ndan \u015eehzadeler Belediyesi\u2019ne taziye ziyaretinde bulundu. Kanser ve \u00e7oklu organ yetmezli\u011fi nedeniyle hayat\u0131n\u0131 kaybeden \u015eehzadeler Belediye Ba\u015fkan\u0131 G\u00fcl\u015fah Durbay\u2019\u0131n vefat\u0131n\u0131n ard\u0131ndan 3 g\u00fcn boyunca Manisa\u2019da taziyeye kat\u0131lan CHP Genel Ba\u015fkan\u0131 \u00d6zg\u00fcr \u00d6zel, taziye i\u00e7in \u015eehzadeler Belediyesini ziyaret etti. \u015eehzadeler Belediye&#8230;<\/p>\n","protected":false},"author":1,"featured_media":77396,"comment_status":"open","ping_status":"open","sticky":false,"template":"","format":"standard","meta":{"_crdt_document":"","footnotes":""},"categories":[127],"tags":[],"class_list":["post-77395","post","type-post","status-publish","format-standard","has-post-thumbnail","hentry","category-siyaset"],"_links":{"self":[{"href":"https:\/\/www.egemtv.com\/index.php?rest_route=\/wp\/v2\/posts\/77395","targetHints":{"allow":["GET"]}}],"collection":[{"href":"https:\/\/www.egemtv.com\/index.php?rest_route=\/wp\/v2\/posts"}],"about":[{"href":"https:\/\/www.egemtv.com\/index.php?rest_route=\/wp\/v2\/types\/post"}],"author":[{"embeddable":true,"href":"https:\/\/www.egemtv.com\/index.php?rest_route=\/wp\/v2\/users\/1"}],"replies":[{"embeddable":true,"href":"https:\/\/www.egemtv.com\/index.php?rest_route=%2Fwp%2Fv2%2Fcomments&post=77395"}],"version-history":[{"count":1,"href":"https:\/\/www.egemtv.com\/index.php?rest_route=\/wp\/v2\/posts\/77395\/revisions"}],"predecessor-version":[{"id":77397,"href":"https:\/\/www.egemtv.com\/index.php?rest_route=\/wp\/v2\/posts\/77395\/revisions\/77397"}],"wp:featuredmedia":[{"embeddable":true,"href":"https:\/\/www.egemtv.com\/index.php?rest_route=\/wp\/v2\/media\/77396"}],"wp:attachment":[{"href":"https:\/\/www.egemtv.com\/index.php?rest_route=%2Fwp%2Fv2%2Fmedia&parent=77395"}],"wp:term":[{"taxonomy":"category","embeddable":true,"href":"https:\/\/www.egemtv.com\/index.php?rest_route=%2Fwp%2Fv2%2Fcategories&post=77395"},{"taxonomy":"post_tag","embeddable":true,"href":"https:\/\/www.egemtv.com\/index.php?rest_route=%2Fwp%2Fv2%2Ftags&post=77395"}],"curies":[{"name":"wp","href":"https:\/\/api.w.org\/{rel}","templated":true}]}}