{"id":77392,"date":"2025-12-29T20:34:42","date_gmt":"2025-12-29T17:34:42","guid":{"rendered":"https:\/\/www.egemtv.com\/?p=77392"},"modified":"2025-12-29T20:34:43","modified_gmt":"2025-12-29T17:34:43","slug":"denizlide-yem-kirma-makinesinde-calisma-yapan-26-yasindaki-genc-safta-takilmasi-sonucu-oldu","status":"publish","type":"post","link":"https:\/\/www.egemtv.com\/?p=77392","title":{"rendered":"Denizli\u2019de yem k\u0131rma makinesinde \u00e7al\u0131\u015fma yapan 26 ya\u015f\u0131ndaki gen\u00e7 \u015fafta tak\u0131lmas\u0131 sonucu \u00f6ld\u00fc"},"content":{"rendered":"<p>Denizli\u2019de trakt\u00f6r\u00fcn arkas\u0131na tak\u0131l\u0131 bulunan yem k\u0131rma makinesinde \u00e7al\u0131\u015fma yapan 26 ya\u015f\u0131ndaki gen\u00e7 bir anda \u015fafta tak\u0131lmas\u0131n\u0131n ard\u0131ndan olay yerinde hayat\u0131n\u0131 kaybetti.<\/p>\n<p>Olay, Ac\u0131payam il\u00e7esi Dodurga Mahallesi\u2019nde meydana geldi. Edinile bilgilere g\u00f6re; trakt\u00f6r\u00fcn arkas\u0131na tak\u0131l\u0131 bulunan yem k\u0131rma makinesinde \u00e7al\u0131\u015fma yapan Mustafa Ali S\u00f6nmez (26), bir anda \u015fafta tak\u0131ld\u0131. Durumu fark eden \u00e7evredeki vatanda\u015flar 112 Acil \u00c7a\u011fr\u0131 Merkezine bildirdi. \u0130hbar \u00fczerine b\u00f6lgeye sa\u011fl\u0131k ve jandarma ekipleri sevk edildi.<\/p>\n<p>B\u00f6lgeye gelen sa\u011fl\u0131k ekipleri Mustafa Ali S\u00f6nmez\u2019in olay yerinde hayat\u0131n\u0131 kaybetti\u011fini belirledi. S\u00f6nmez\u2019in cenazesi otopsi yap\u0131lmak \u00fczere adli t\u0131p kurumu morguna kald\u0131r\u0131ld\u0131. Olayla ilgili soru\u015fturma ba\u015flat\u0131ld\u0131.<br \/><\/p>\n","protected":false},"excerpt":{"rendered":"<p>Denizli\u2019de trakt\u00f6r\u00fcn arkas\u0131na tak\u0131l\u0131 bulunan yem k\u0131rma makinesinde \u00e7al\u0131\u015fma yapan 26 ya\u015f\u0131ndaki gen\u00e7 bir anda \u015fafta tak\u0131lmas\u0131n\u0131n ard\u0131ndan olay yerinde hayat\u0131n\u0131 kaybetti. Olay, Ac\u0131payam il\u00e7esi Dodurga Mahallesi\u2019nde meydana geldi. Edinile bilgilere g\u00f6re; trakt\u00f6r\u00fcn arkas\u0131na tak\u0131l\u0131 bulunan yem k\u0131rma makinesinde \u00e7al\u0131\u015fma yapan Mustafa Ali S\u00f6nmez (26), bir anda \u015fafta tak\u0131ld\u0131. Durumu fark eden \u00e7evredeki vatanda\u015flar 112&#8230;<\/p>\n","protected":false},"author":1,"featured_media":77393,"comment_status":"open","ping_status":"open","sticky":false,"template":"","format":"standard","meta":{"_crdt_document":"","footnotes":""},"categories":[5],"tags":[],"class_list":["post-77392","post","type-post","status-publish","format-standard","has-post-thumbnail","hentry","category-asayis"],"_links":{"self":[{"href":"https:\/\/www.egemtv.com\/index.php?rest_route=\/wp\/v2\/posts\/77392","targetHints":{"allow":["GET"]}}],"collection":[{"href":"https:\/\/www.egemtv.com\/index.php?rest_route=\/wp\/v2\/posts"}],"about":[{"href":"https:\/\/www.egemtv.com\/index.php?rest_route=\/wp\/v2\/types\/post"}],"author":[{"embeddable":true,"href":"https:\/\/www.egemtv.com\/index.php?rest_route=\/wp\/v2\/users\/1"}],"replies":[{"embeddable":true,"href":"https:\/\/www.egemtv.com\/index.php?rest_route=%2Fwp%2Fv2%2Fcomments&post=77392"}],"version-history":[{"count":1,"href":"https:\/\/www.egemtv.com\/index.php?rest_route=\/wp\/v2\/posts\/77392\/revisions"}],"predecessor-version":[{"id":77394,"href":"https:\/\/www.egemtv.com\/index.php?rest_route=\/wp\/v2\/posts\/77392\/revisions\/77394"}],"wp:featuredmedia":[{"embeddable":true,"href":"https:\/\/www.egemtv.com\/index.php?rest_route=\/wp\/v2\/media\/77393"}],"wp:attachment":[{"href":"https:\/\/www.egemtv.com\/index.php?rest_route=%2Fwp%2Fv2%2Fmedia&parent=77392"}],"wp:term":[{"taxonomy":"category","embeddable":true,"href":"https:\/\/www.egemtv.com\/index.php?rest_route=%2Fwp%2Fv2%2Fcategories&post=77392"},{"taxonomy":"post_tag","embeddable":true,"href":"https:\/\/www.egemtv.com\/index.php?rest_route=%2Fwp%2Fv2%2Ftags&post=77392"}],"curies":[{"name":"wp","href":"https:\/\/api.w.org\/{rel}","templated":true}]}}