{"id":77389,"date":"2025-12-29T16:54:52","date_gmt":"2025-12-29T13:54:52","guid":{"rendered":"https:\/\/www.egemtv.com\/?p=77389"},"modified":"2025-12-29T16:54:52","modified_gmt":"2025-12-29T13:54:52","slug":"bosanma-asamasindaki-esini-sokak-ortasinda-oldurdu","status":"publish","type":"post","link":"https:\/\/www.egemtv.com\/?p=77389","title":{"rendered":"Bo\u015fanma a\u015famas\u0131ndaki e\u015fini sokak ortas\u0131nda \u00f6ld\u00fcrd\u00fc"},"content":{"rendered":"<p>Manisa\u2019n\u0131n Ala\u015fehir il\u00e7esinde bo\u015fanma a\u015famas\u0131ndaki e\u015fi taraf\u0131ndan sokak ortas\u0131nda silahla vurulan kad\u0131n hayat\u0131n\u0131 kaybetti.<br \/>\n<br \/>Olay, Manisa\u2019n\u0131n Ala\u015fehir il\u00e7esine ba\u011fl\u0131 Sakarya Mahallesi \u015eehit Nuri Caddesi \u00fczerinde saat 14.00 s\u0131ralar\u0131nda meydana geldi. Edinilen bilgiye g\u00f6re S\u00fcreyya K\u00f6ken, bo\u015fanma a\u015famas\u0131nda oldu\u011fu e\u015fi Kadriye K\u00f6ken\u2019i (40) sokak ortas\u0131nda t\u00fcfekle ba\u015f\u0131ndan vurarak a\u011f\u0131r yaralad\u0131. Sald\u0131r\u0131n\u0131n ard\u0131ndan \u015f\u00fcpheli olay yerinden ka\u00e7t\u0131. \u0130hbar \u00fczerine olay yerine sa\u011fl\u0131k ve polis ekipleri sevk edildi. Sa\u011fl\u0131k ekiplerinin yapt\u0131\u011f\u0131 kontrolde Kadriye K\u00f6ken\u2019in hayat\u0131n\u0131 kaybetti\u011fi belirlendi.<br \/>\n<br \/>\u00d6te yandan, Kadriye K\u00f6ken\u2019in k\u0131sa bir s\u00fcre \u00f6nce e\u015fi S\u00fcreyya K\u00f6ken hakk\u0131nda uzakla\u015ft\u0131rma karar\u0131 ald\u0131rd\u0131\u011f\u0131 \u00f6\u011frenildi. Polis ekipleri, olay yerinden ka\u00e7an \u015f\u00fcpheli S\u00fcreyya K\u00f6ken\u2019i k\u0131sa s\u00fcrede yakalayarak g\u00f6zalt\u0131na ald\u0131.<br \/>\n<br \/>S\u00fcreyya K\u00f6ken\u2019in pastanelerde \u00e7al\u0131\u015ft\u0131\u011f\u0131, 3 \u00e7ocuk annesi Kadriye K\u00f6ken\u2019in ise g\u00fcnl\u00fck i\u015flerde \u00e7al\u0131\u015ft\u0131\u011f\u0131 \u00f6\u011frenildi.<br \/>\n<br \/>Olayla ilgili soru\u015fturma s\u00fcr\u00fcyor.<br \/><\/p>\n","protected":false},"excerpt":{"rendered":"<p>Manisa\u2019n\u0131n Ala\u015fehir il\u00e7esinde bo\u015fanma a\u015famas\u0131ndaki e\u015fi taraf\u0131ndan sokak ortas\u0131nda silahla vurulan kad\u0131n hayat\u0131n\u0131 kaybetti. Olay, Manisa\u2019n\u0131n Ala\u015fehir il\u00e7esine ba\u011fl\u0131 Sakarya Mahallesi \u015eehit Nuri Caddesi \u00fczerinde saat 14.00 s\u0131ralar\u0131nda meydana geldi. Edinilen bilgiye g\u00f6re S\u00fcreyya K\u00f6ken, bo\u015fanma a\u015famas\u0131nda oldu\u011fu e\u015fi Kadriye K\u00f6ken\u2019i (40) sokak ortas\u0131nda t\u00fcfekle ba\u015f\u0131ndan vurarak a\u011f\u0131r yaralad\u0131. Sald\u0131r\u0131n\u0131n ard\u0131ndan \u015f\u00fcpheli olay yerinden ka\u00e7t\u0131&#8230;.<\/p>\n","protected":false},"author":1,"featured_media":77390,"comment_status":"open","ping_status":"open","sticky":false,"template":"","format":"standard","meta":{"_crdt_document":"","footnotes":""},"categories":[5],"tags":[],"class_list":["post-77389","post","type-post","status-publish","format-standard","has-post-thumbnail","hentry","category-asayis"],"_links":{"self":[{"href":"https:\/\/www.egemtv.com\/index.php?rest_route=\/wp\/v2\/posts\/77389","targetHints":{"allow":["GET"]}}],"collection":[{"href":"https:\/\/www.egemtv.com\/index.php?rest_route=\/wp\/v2\/posts"}],"about":[{"href":"https:\/\/www.egemtv.com\/index.php?rest_route=\/wp\/v2\/types\/post"}],"author":[{"embeddable":true,"href":"https:\/\/www.egemtv.com\/index.php?rest_route=\/wp\/v2\/users\/1"}],"replies":[{"embeddable":true,"href":"https:\/\/www.egemtv.com\/index.php?rest_route=%2Fwp%2Fv2%2Fcomments&post=77389"}],"version-history":[{"count":1,"href":"https:\/\/www.egemtv.com\/index.php?rest_route=\/wp\/v2\/posts\/77389\/revisions"}],"predecessor-version":[{"id":77391,"href":"https:\/\/www.egemtv.com\/index.php?rest_route=\/wp\/v2\/posts\/77389\/revisions\/77391"}],"wp:featuredmedia":[{"embeddable":true,"href":"https:\/\/www.egemtv.com\/index.php?rest_route=\/wp\/v2\/media\/77390"}],"wp:attachment":[{"href":"https:\/\/www.egemtv.com\/index.php?rest_route=%2Fwp%2Fv2%2Fmedia&parent=77389"}],"wp:term":[{"taxonomy":"category","embeddable":true,"href":"https:\/\/www.egemtv.com\/index.php?rest_route=%2Fwp%2Fv2%2Fcategories&post=77389"},{"taxonomy":"post_tag","embeddable":true,"href":"https:\/\/www.egemtv.com\/index.php?rest_route=%2Fwp%2Fv2%2Ftags&post=77389"}],"curies":[{"name":"wp","href":"https:\/\/api.w.org\/{rel}","templated":true}]}}