{"id":77386,"date":"2025-12-29T16:35:16","date_gmt":"2025-12-29T13:35:16","guid":{"rendered":"https:\/\/www.egemtv.com\/?p=77386"},"modified":"2025-12-29T16:35:17","modified_gmt":"2025-12-29T13:35:17","slug":"buyuksehirin-karla-mucadelesi-basladi","status":"publish","type":"post","link":"https:\/\/www.egemtv.com\/?p=77386","title":{"rendered":"B\u00fcy\u00fck\u015fehir\u2019in karla m\u00fccadelesi ba\u015flad\u0131"},"content":{"rendered":"<p>Ayd\u0131n\u2019\u0131n y\u00fcksek kesimlerinde kar ya\u011f\u0131\u015f\u0131 ya\u015fanmas\u0131n\u0131n ard\u0131ndan \u00e7al\u0131\u015fmalar\u0131na ba\u015flayan B\u00fcy\u00fck\u015fehir Belediyesi ekipleri, buzlanmay\u0131 \u00f6nlemek amac\u0131yla yollarda tuz serimi ger\u00e7ekle\u015ftirdi.<br \/>\n<br \/>Ayd\u0131n\u2019\u0131n y\u00fcksek kesimlerinde etkili olan kar ya\u011f\u0131\u015f\u0131 nedeniyle, Ayd\u0131n B\u00fcy\u00fck\u015fehir Belediyesi ekipleri karla m\u00fccadele \u00e7al\u0131\u015fmalar\u0131n\u0131 aral\u0131ks\u0131z s\u00fcrd\u00fcr\u00fcyor. Kuyucak\u2019a ba\u011fl\u0131 Belenova, Ye\u015fildere ve G\u00fcndo\u011fan b\u00f6lgesi, Karacasu\u2019ya ba\u011fl\u0131 I\u015f\u0131klar ve Nazilli\u2019ye ba\u011fl\u0131 A\u015fa\u011f\u0131yakac\u0131k ve Ovac\u0131k\u2019\u0131n y\u00fcksek rak\u0131ml\u0131 yerlerinde Ayd\u0131n B\u00fcy\u00fck\u015fehir Belediyesi Fen \u0130\u015fleri Daire Ba\u015fkanl\u0131\u011f\u0131 ekipleri, i\u015f makineleriyle kar k\u00fcreme ve tuzlama \u00e7al\u0131\u015fmalar\u0131 yap\u0131yor. Belediye ekipleri, yollar\u0131n kapanmamas\u0131 ve buzlanman\u0131n \u00f6nlenmesi i\u00e7in 7\/24 hizmet veriyor. Ayd\u0131n B\u00fcy\u00fck\u015fehir Belediye Ba\u015fkan\u0131 \u00d6zlem \u00c7er\u00e7io\u011flu, &#8220;Ekiplerimiz kar ya\u011f\u0131\u015f\u0131n\u0131n etkili oldu\u011fu her b\u00f6lgede h\u0131zl\u0131 bir \u015fekilde m\u00fcdahale ediyor. Vatanda\u015flar\u0131m\u0131z H\u0131zl\u0131 \u00c7\u00f6z\u00fcm Merkezi\u2019ni arayarak her t\u00fcrl\u00fc deste\u011fi alabilirler&#8221; dedi.<br \/><\/p>\n","protected":false},"excerpt":{"rendered":"<p>Ayd\u0131n\u2019\u0131n y\u00fcksek kesimlerinde kar ya\u011f\u0131\u015f\u0131 ya\u015fanmas\u0131n\u0131n ard\u0131ndan \u00e7al\u0131\u015fmalar\u0131na ba\u015flayan B\u00fcy\u00fck\u015fehir Belediyesi ekipleri, buzlanmay\u0131 \u00f6nlemek amac\u0131yla yollarda tuz serimi ger\u00e7ekle\u015ftirdi. Ayd\u0131n\u2019\u0131n y\u00fcksek kesimlerinde etkili olan kar ya\u011f\u0131\u015f\u0131 nedeniyle, Ayd\u0131n B\u00fcy\u00fck\u015fehir Belediyesi ekipleri karla m\u00fccadele \u00e7al\u0131\u015fmalar\u0131n\u0131 aral\u0131ks\u0131z s\u00fcrd\u00fcr\u00fcyor. Kuyucak\u2019a ba\u011fl\u0131 Belenova, Ye\u015fildere ve G\u00fcndo\u011fan b\u00f6lgesi, Karacasu\u2019ya ba\u011fl\u0131 I\u015f\u0131klar ve Nazilli\u2019ye ba\u011fl\u0131 A\u015fa\u011f\u0131yakac\u0131k ve Ovac\u0131k\u2019\u0131n y\u00fcksek rak\u0131ml\u0131 yerlerinde&#8230;<\/p>\n","protected":false},"author":1,"featured_media":77387,"comment_status":"open","ping_status":"open","sticky":false,"template":"","format":"standard","meta":{"_crdt_document":"","footnotes":""},"categories":[1],"tags":[],"class_list":["post-77386","post","type-post","status-publish","format-standard","has-post-thumbnail","hentry","category-guncel"],"_links":{"self":[{"href":"https:\/\/www.egemtv.com\/index.php?rest_route=\/wp\/v2\/posts\/77386","targetHints":{"allow":["GET"]}}],"collection":[{"href":"https:\/\/www.egemtv.com\/index.php?rest_route=\/wp\/v2\/posts"}],"about":[{"href":"https:\/\/www.egemtv.com\/index.php?rest_route=\/wp\/v2\/types\/post"}],"author":[{"embeddable":true,"href":"https:\/\/www.egemtv.com\/index.php?rest_route=\/wp\/v2\/users\/1"}],"replies":[{"embeddable":true,"href":"https:\/\/www.egemtv.com\/index.php?rest_route=%2Fwp%2Fv2%2Fcomments&post=77386"}],"version-history":[{"count":1,"href":"https:\/\/www.egemtv.com\/index.php?rest_route=\/wp\/v2\/posts\/77386\/revisions"}],"predecessor-version":[{"id":77388,"href":"https:\/\/www.egemtv.com\/index.php?rest_route=\/wp\/v2\/posts\/77386\/revisions\/77388"}],"wp:featuredmedia":[{"embeddable":true,"href":"https:\/\/www.egemtv.com\/index.php?rest_route=\/wp\/v2\/media\/77387"}],"wp:attachment":[{"href":"https:\/\/www.egemtv.com\/index.php?rest_route=%2Fwp%2Fv2%2Fmedia&parent=77386"}],"wp:term":[{"taxonomy":"category","embeddable":true,"href":"https:\/\/www.egemtv.com\/index.php?rest_route=%2Fwp%2Fv2%2Fcategories&post=77386"},{"taxonomy":"post_tag","embeddable":true,"href":"https:\/\/www.egemtv.com\/index.php?rest_route=%2Fwp%2Fv2%2Ftags&post=77386"}],"curies":[{"name":"wp","href":"https:\/\/api.w.org\/{rel}","templated":true}]}}