{"id":77383,"date":"2025-12-29T16:35:15","date_gmt":"2025-12-29T13:35:15","guid":{"rendered":"https:\/\/www.egemtv.com\/?p=77383"},"modified":"2025-12-29T16:35:16","modified_gmt":"2025-12-29T13:35:16","slug":"merkezefendi-kultur-ve-taziye-evinde-calismalar-tamamlandi","status":"publish","type":"post","link":"https:\/\/www.egemtv.com\/?p=77383","title":{"rendered":"Merkezefendi K\u00fclt\u00fcr ve Taziye Evinde \u00e7al\u0131\u015fmalar tamamland\u0131"},"content":{"rendered":"<p>Yunusemre Belediyesi, Merkezefendi Mahallesi\u2019nde yap\u0131m\u0131n\u0131 tamamlad\u0131\u011f\u0131 K\u00fclt\u00fcr ve Taziye Evi\u2019ni \u00f6n\u00fcm\u00fczdeki g\u00fcnlerde hizmete a\u00e7acak.<br \/>\n<br \/>Yunusemre Belediyesi, sosyal belediyecilik anlay\u0131\u015f\u0131 do\u011frultusunda il\u00e7eye kazand\u0131rd\u0131\u011f\u0131 projelere bir yenisini daha ekledi. Merkezefendi Mahallesi\u2019nde hayata ge\u00e7irilen K\u00fclt\u00fcr ve Taziye Evi\u2019nde \u00e7al\u0131\u015fmalar tamamland\u0131. \u00c7ok ama\u00e7l\u0131 olarak tasarlanan yap\u0131; taziye kabul\u00fc, k\u00fclt\u00fcrel ve sosyal etkinlikler ile mahalle bulu\u015fmalar\u0131na ev sahipli\u011fi yapacak. \u00d6n\u00fcm\u00fczdeki g\u00fcnlerde vatanda\u015flar\u0131n hizmetine sunulacak projeye ili\u015fkin bilgi veren Yunusemre Belediye Ba\u015fkan\u0131 Semih Balaban, il\u00e7enin her mahallesine dokunan hizmetler \u00fcretmeye devam ettiklerini belirterek, &#8220;Merkezefendi Mahallemizde vatanda\u015flar\u0131m\u0131z\u0131n uzun s\u00fcredir ihtiya\u00e7 duydu\u011fu K\u00fclt\u00fcr ve Taziye Evi\u2019ni tamamlad\u0131k ve \u00f6n\u00fcm\u00fczdeki g\u00fcnlerde hizmete a\u00e7aca\u011f\u0131z. Bu yap\u0131lar, sadece bir bina de\u011fil; kom\u015fuluk ili\u015fkilerinin g\u00fc\u00e7lendi\u011fi ve payla\u015fman\u0131n artt\u0131\u011f\u0131 sosyal alanlard\u0131r&#8221; dedi. Mahalle sakinleri de yap\u0131lan hizmetten duyduklar\u0131 memnuniyeti dile getirerek, K\u00fclt\u00fcr ve Taziye Evi\u2019nin \u00f6zellikle zor zamanlarda b\u00fcy\u00fck kolayl\u0131k sa\u011flayaca\u011f\u0131n\u0131 ifade etti.<br \/><\/p>\n","protected":false},"excerpt":{"rendered":"<p>Yunusemre Belediyesi, Merkezefendi Mahallesi\u2019nde yap\u0131m\u0131n\u0131 tamamlad\u0131\u011f\u0131 K\u00fclt\u00fcr ve Taziye Evi\u2019ni \u00f6n\u00fcm\u00fczdeki g\u00fcnlerde hizmete a\u00e7acak. Yunusemre Belediyesi, sosyal belediyecilik anlay\u0131\u015f\u0131 do\u011frultusunda il\u00e7eye kazand\u0131rd\u0131\u011f\u0131 projelere bir yenisini daha ekledi. Merkezefendi Mahallesi\u2019nde hayata ge\u00e7irilen K\u00fclt\u00fcr ve Taziye Evi\u2019nde \u00e7al\u0131\u015fmalar tamamland\u0131. \u00c7ok ama\u00e7l\u0131 olarak tasarlanan yap\u0131; taziye kabul\u00fc, k\u00fclt\u00fcrel ve sosyal etkinlikler ile mahalle bulu\u015fmalar\u0131na ev sahipli\u011fi yapacak. \u00d6n\u00fcm\u00fczdeki&#8230;<\/p>\n","protected":false},"author":1,"featured_media":77384,"comment_status":"open","ping_status":"open","sticky":false,"template":"","format":"standard","meta":{"_crdt_document":"","footnotes":""},"categories":[1],"tags":[],"class_list":["post-77383","post","type-post","status-publish","format-standard","has-post-thumbnail","hentry","category-guncel"],"_links":{"self":[{"href":"https:\/\/www.egemtv.com\/index.php?rest_route=\/wp\/v2\/posts\/77383","targetHints":{"allow":["GET"]}}],"collection":[{"href":"https:\/\/www.egemtv.com\/index.php?rest_route=\/wp\/v2\/posts"}],"about":[{"href":"https:\/\/www.egemtv.com\/index.php?rest_route=\/wp\/v2\/types\/post"}],"author":[{"embeddable":true,"href":"https:\/\/www.egemtv.com\/index.php?rest_route=\/wp\/v2\/users\/1"}],"replies":[{"embeddable":true,"href":"https:\/\/www.egemtv.com\/index.php?rest_route=%2Fwp%2Fv2%2Fcomments&post=77383"}],"version-history":[{"count":1,"href":"https:\/\/www.egemtv.com\/index.php?rest_route=\/wp\/v2\/posts\/77383\/revisions"}],"predecessor-version":[{"id":77385,"href":"https:\/\/www.egemtv.com\/index.php?rest_route=\/wp\/v2\/posts\/77383\/revisions\/77385"}],"wp:featuredmedia":[{"embeddable":true,"href":"https:\/\/www.egemtv.com\/index.php?rest_route=\/wp\/v2\/media\/77384"}],"wp:attachment":[{"href":"https:\/\/www.egemtv.com\/index.php?rest_route=%2Fwp%2Fv2%2Fmedia&parent=77383"}],"wp:term":[{"taxonomy":"category","embeddable":true,"href":"https:\/\/www.egemtv.com\/index.php?rest_route=%2Fwp%2Fv2%2Fcategories&post=77383"},{"taxonomy":"post_tag","embeddable":true,"href":"https:\/\/www.egemtv.com\/index.php?rest_route=%2Fwp%2Fv2%2Ftags&post=77383"}],"curies":[{"name":"wp","href":"https:\/\/api.w.org\/{rel}","templated":true}]}}