{"id":77380,"date":"2025-12-29T16:35:14","date_gmt":"2025-12-29T13:35:14","guid":{"rendered":"https:\/\/www.egemtv.com\/?p=77380"},"modified":"2025-12-29T16:35:14","modified_gmt":"2025-12-29T13:35:14","slug":"manisada-calinan-koyunlar-jandarma-tarafindan-bulundu","status":"publish","type":"post","link":"https:\/\/www.egemtv.com\/?p=77380","title":{"rendered":"Manisa\u2019da \u00e7al\u0131nan koyunlar, jandarma taraf\u0131ndan bulundu"},"content":{"rendered":"<p>Manisa\u2019n\u0131n Salihli il\u00e7esinde bir \u00e7ift\u00e7iye ait \u00e7al\u0131nan 8 koyun, jandarma ekiplerinin \u00e7al\u0131\u015fmas\u0131 sonucu bulunarak sahibine teslim edildi.<br \/>\n<br \/>Olay, Manisa\u2019n\u0131n Salihli il\u00e7esine ba\u011fl\u0131 Duras\u0131ll\u0131 Mahallesi\u2019nde meydana geldi. Edinilen bilgilere g\u00f6re, \u00e7ift\u00e7ilikle u\u011fra\u015fan Yunus Y\u0131ld\u0131r\u0131m (38), ikametinin bah\u00e7esinde bulunan 16 koyundan 8\u2019inin kay\u0131p oldu\u011funu fark etti.<br \/>\n<br \/>\u0130hbar \u00fczerine harekete ge\u00e7en Manisa \u0130l Jandarma Komutanl\u0131\u011f\u0131\u2019na ba\u011fl\u0131 Salihli \u0130l\u00e7e Jandarma Komutanl\u0131\u011f\u0131 ekipleri, olay yerinde ve \u00e7evresinde detayl\u0131 inceleme yaparak kamera kay\u0131tlar\u0131n\u0131 inceledi. Yap\u0131lan ara\u015ft\u0131rmalar ve soru\u015fturma sonucunda \u00e7al\u0131nan koyunlar\u0131n, yine Duras\u0131ll\u0131 Mahallesi s\u0131n\u0131rlar\u0131 i\u00e7erisinde bulunan bo\u015f bir arsada oldu\u011fu tespit edildi.<br \/>\n<br \/>Jandarma ekipleri taraf\u0131ndan bulunan koyunlar, sahibine eksiksiz \u015fekilde teslim edildi. Koyunlar\u0131na yeniden kavu\u015fan \u00e7ift\u00e7i Yunus Y\u0131ld\u0131r\u0131m, h\u0131zl\u0131 ve titiz \u00e7al\u0131\u015fmalar\u0131 nedeniyle Salihli \u0130l\u00e7e Jandarma Komutanl\u0131\u011f\u0131 ekiplerine te\u015fekk\u00fcr etti.<br \/>\n<br \/>Olayla ilgili soru\u015fturman\u0131n s\u00fcrd\u00fc\u011f\u00fc \u00f6\u011frenildi.<br \/><\/p>\n","protected":false},"excerpt":{"rendered":"<p>Manisa\u2019n\u0131n Salihli il\u00e7esinde bir \u00e7ift\u00e7iye ait \u00e7al\u0131nan 8 koyun, jandarma ekiplerinin \u00e7al\u0131\u015fmas\u0131 sonucu bulunarak sahibine teslim edildi. Olay, Manisa\u2019n\u0131n Salihli il\u00e7esine ba\u011fl\u0131 Duras\u0131ll\u0131 Mahallesi\u2019nde meydana geldi. Edinilen bilgilere g\u00f6re, \u00e7ift\u00e7ilikle u\u011fra\u015fan Yunus Y\u0131ld\u0131r\u0131m (38), ikametinin bah\u00e7esinde bulunan 16 koyundan 8\u2019inin kay\u0131p oldu\u011funu fark etti. \u0130hbar \u00fczerine harekete ge\u00e7en Manisa \u0130l Jandarma Komutanl\u0131\u011f\u0131\u2019na ba\u011fl\u0131 Salihli \u0130l\u00e7e&#8230;<\/p>\n","protected":false},"author":1,"featured_media":77381,"comment_status":"open","ping_status":"open","sticky":false,"template":"","format":"standard","meta":{"_crdt_document":"","footnotes":""},"categories":[5],"tags":[],"class_list":["post-77380","post","type-post","status-publish","format-standard","has-post-thumbnail","hentry","category-asayis"],"_links":{"self":[{"href":"https:\/\/www.egemtv.com\/index.php?rest_route=\/wp\/v2\/posts\/77380","targetHints":{"allow":["GET"]}}],"collection":[{"href":"https:\/\/www.egemtv.com\/index.php?rest_route=\/wp\/v2\/posts"}],"about":[{"href":"https:\/\/www.egemtv.com\/index.php?rest_route=\/wp\/v2\/types\/post"}],"author":[{"embeddable":true,"href":"https:\/\/www.egemtv.com\/index.php?rest_route=\/wp\/v2\/users\/1"}],"replies":[{"embeddable":true,"href":"https:\/\/www.egemtv.com\/index.php?rest_route=%2Fwp%2Fv2%2Fcomments&post=77380"}],"version-history":[{"count":1,"href":"https:\/\/www.egemtv.com\/index.php?rest_route=\/wp\/v2\/posts\/77380\/revisions"}],"predecessor-version":[{"id":77382,"href":"https:\/\/www.egemtv.com\/index.php?rest_route=\/wp\/v2\/posts\/77380\/revisions\/77382"}],"wp:featuredmedia":[{"embeddable":true,"href":"https:\/\/www.egemtv.com\/index.php?rest_route=\/wp\/v2\/media\/77381"}],"wp:attachment":[{"href":"https:\/\/www.egemtv.com\/index.php?rest_route=%2Fwp%2Fv2%2Fmedia&parent=77380"}],"wp:term":[{"taxonomy":"category","embeddable":true,"href":"https:\/\/www.egemtv.com\/index.php?rest_route=%2Fwp%2Fv2%2Fcategories&post=77380"},{"taxonomy":"post_tag","embeddable":true,"href":"https:\/\/www.egemtv.com\/index.php?rest_route=%2Fwp%2Fv2%2Ftags&post=77380"}],"curies":[{"name":"wp","href":"https:\/\/api.w.org\/{rel}","templated":true}]}}