{"id":77377,"date":"2025-12-29T16:14:45","date_gmt":"2025-12-29T13:14:45","guid":{"rendered":"https:\/\/www.egemtv.com\/?p=77377"},"modified":"2025-12-29T16:14:47","modified_gmt":"2025-12-29T13:14:47","slug":"uyusturucu-hapla-yakalanan-sahis-tutuklandi","status":"publish","type":"post","link":"https:\/\/www.egemtv.com\/?p=77377","title":{"rendered":"Uyu\u015fturucu hapla yakalanan \u015fah\u0131s tutukland\u0131"},"content":{"rendered":"<p>Afyonkarahisar\u2019da polisin d\u00fczenledi\u011fi uyu\u015fturucu operasyonunda 280 adet uyu\u015fturucu hapla yakalanan \u015fah\u0131s tutukland\u0131.<br \/>\n<br \/>Edinilen bilgilere g\u00f6re, torbac\u0131 diye adland\u0131r\u0131lan uyu\u015fturucu sat\u0131c\u0131lar\u0131na y\u00f6nelik yap\u0131lan operasyonda M.E.G., isimli \u015fah\u0131s g\u00f6zalt\u0131na al\u0131nd\u0131. \u015eahs\u0131n adresine yap\u0131lan bask\u0131nda ise 280 adet uyu\u015fturucu hap ele ge\u00e7irildi. \u0130\u015flemleri sonras\u0131 adliyeye sevk edilen \u015fah\u0131s tutuklanarak cezaevine g\u00f6nderildi.<br \/><\/p>\n","protected":false},"excerpt":{"rendered":"<p>Afyonkarahisar\u2019da polisin d\u00fczenledi\u011fi uyu\u015fturucu operasyonunda 280 adet uyu\u015fturucu hapla yakalanan \u015fah\u0131s tutukland\u0131. Edinilen bilgilere g\u00f6re, torbac\u0131 diye adland\u0131r\u0131lan uyu\u015fturucu sat\u0131c\u0131lar\u0131na y\u00f6nelik yap\u0131lan operasyonda M.E.G., isimli \u015fah\u0131s g\u00f6zalt\u0131na al\u0131nd\u0131. \u015eahs\u0131n adresine yap\u0131lan bask\u0131nda ise 280 adet uyu\u015fturucu hap ele ge\u00e7irildi. \u0130\u015flemleri sonras\u0131 adliyeye sevk edilen \u015fah\u0131s tutuklanarak cezaevine g\u00f6nderildi.<\/p>\n","protected":false},"author":1,"featured_media":77378,"comment_status":"open","ping_status":"open","sticky":false,"template":"","format":"standard","meta":{"_crdt_document":"","footnotes":""},"categories":[5],"tags":[],"class_list":["post-77377","post","type-post","status-publish","format-standard","has-post-thumbnail","hentry","category-asayis"],"_links":{"self":[{"href":"https:\/\/www.egemtv.com\/index.php?rest_route=\/wp\/v2\/posts\/77377","targetHints":{"allow":["GET"]}}],"collection":[{"href":"https:\/\/www.egemtv.com\/index.php?rest_route=\/wp\/v2\/posts"}],"about":[{"href":"https:\/\/www.egemtv.com\/index.php?rest_route=\/wp\/v2\/types\/post"}],"author":[{"embeddable":true,"href":"https:\/\/www.egemtv.com\/index.php?rest_route=\/wp\/v2\/users\/1"}],"replies":[{"embeddable":true,"href":"https:\/\/www.egemtv.com\/index.php?rest_route=%2Fwp%2Fv2%2Fcomments&post=77377"}],"version-history":[{"count":1,"href":"https:\/\/www.egemtv.com\/index.php?rest_route=\/wp\/v2\/posts\/77377\/revisions"}],"predecessor-version":[{"id":77379,"href":"https:\/\/www.egemtv.com\/index.php?rest_route=\/wp\/v2\/posts\/77377\/revisions\/77379"}],"wp:featuredmedia":[{"embeddable":true,"href":"https:\/\/www.egemtv.com\/index.php?rest_route=\/wp\/v2\/media\/77378"}],"wp:attachment":[{"href":"https:\/\/www.egemtv.com\/index.php?rest_route=%2Fwp%2Fv2%2Fmedia&parent=77377"}],"wp:term":[{"taxonomy":"category","embeddable":true,"href":"https:\/\/www.egemtv.com\/index.php?rest_route=%2Fwp%2Fv2%2Fcategories&post=77377"},{"taxonomy":"post_tag","embeddable":true,"href":"https:\/\/www.egemtv.com\/index.php?rest_route=%2Fwp%2Fv2%2Ftags&post=77377"}],"curies":[{"name":"wp","href":"https:\/\/api.w.org\/{rel}","templated":true}]}}