{"id":77368,"date":"2025-12-29T15:54:47","date_gmt":"2025-12-29T12:54:47","guid":{"rendered":"https:\/\/www.egemtv.com\/?p=77368"},"modified":"2025-12-29T15:54:48","modified_gmt":"2025-12-29T12:54:48","slug":"bodrum-marmaris-ve-datcaya-kuvvetli-yagis-uyarisi","status":"publish","type":"post","link":"https:\/\/www.egemtv.com\/?p=77368","title":{"rendered":"Bodrum, Marmaris ve Dat\u00e7a\u2019ya kuvvetli ya\u011f\u0131\u015f uyar\u0131s\u0131"},"content":{"rendered":"<p>Meteoroloji Genel M\u00fcd\u00fcrl\u00fc\u011f\u00fc Antalya B\u00f6lgesel Tahmin Merkezi, Mu\u011fla\u2019n\u0131n Bodrum, Dat\u00e7a ve Marmaris il\u00e7eleri i\u00e7in kuvvetli sa\u011fanak ya\u011f\u0131\u015f uyar\u0131s\u0131nda bulundu.<br \/>\n<br \/>Yap\u0131lan uyar\u0131da, &#8220;Yap\u0131lan son de\u011ferlendirmelere g\u00f6re; 30.12.2025 Sal\u0131 ak\u015fam saatlerinden itibaren Mu\u011fla\u2019n\u0131n g\u00fcney ve bat\u0131s\u0131nda (Bodrum, Dat\u00e7a, Marmaris) yerel kuvvetli sa\u011fanak ve g\u00f6k g\u00fcr\u00fclt\u00fcl\u00fc sa\u011fanak ya\u011f\u0131\u015f beklenmektedir. Kuvvetli ya\u011f\u0131\u015f\u0131n sebep olabilece\u011fi ani sel, su bask\u0131n\u0131, heyelan, y\u0131ld\u0131r\u0131m, yerel dolu ya\u011f\u0131\u015f\u0131, ya\u011f\u0131\u015f an\u0131nda kuvvetli r\u00fczgar ve k\u0131sa s\u00fcreli f\u0131rt\u0131na ile ula\u015f\u0131mda aksamalar gibi olumsuzluklara kar\u015f\u0131 dikkatli ve tedbirli olunmal\u0131d\u0131r&#8221; denildi.<br \/><\/p>\n","protected":false},"excerpt":{"rendered":"<p>Meteoroloji Genel M\u00fcd\u00fcrl\u00fc\u011f\u00fc Antalya B\u00f6lgesel Tahmin Merkezi, Mu\u011fla\u2019n\u0131n Bodrum, Dat\u00e7a ve Marmaris il\u00e7eleri i\u00e7in kuvvetli sa\u011fanak ya\u011f\u0131\u015f uyar\u0131s\u0131nda bulundu. Yap\u0131lan uyar\u0131da, &#8220;Yap\u0131lan son de\u011ferlendirmelere g\u00f6re; 30.12.2025 Sal\u0131 ak\u015fam saatlerinden itibaren Mu\u011fla\u2019n\u0131n g\u00fcney ve bat\u0131s\u0131nda (Bodrum, Dat\u00e7a, Marmaris) yerel kuvvetli sa\u011fanak ve g\u00f6k g\u00fcr\u00fclt\u00fcl\u00fc sa\u011fanak ya\u011f\u0131\u015f beklenmektedir. Kuvvetli ya\u011f\u0131\u015f\u0131n sebep olabilece\u011fi ani sel, su bask\u0131n\u0131, heyelan,&#8230;<\/p>\n","protected":false},"author":1,"featured_media":77369,"comment_status":"open","ping_status":"open","sticky":false,"template":"","format":"standard","meta":{"_crdt_document":"","footnotes":""},"categories":[1],"tags":[],"class_list":["post-77368","post","type-post","status-publish","format-standard","has-post-thumbnail","hentry","category-guncel"],"_links":{"self":[{"href":"https:\/\/www.egemtv.com\/index.php?rest_route=\/wp\/v2\/posts\/77368","targetHints":{"allow":["GET"]}}],"collection":[{"href":"https:\/\/www.egemtv.com\/index.php?rest_route=\/wp\/v2\/posts"}],"about":[{"href":"https:\/\/www.egemtv.com\/index.php?rest_route=\/wp\/v2\/types\/post"}],"author":[{"embeddable":true,"href":"https:\/\/www.egemtv.com\/index.php?rest_route=\/wp\/v2\/users\/1"}],"replies":[{"embeddable":true,"href":"https:\/\/www.egemtv.com\/index.php?rest_route=%2Fwp%2Fv2%2Fcomments&post=77368"}],"version-history":[{"count":1,"href":"https:\/\/www.egemtv.com\/index.php?rest_route=\/wp\/v2\/posts\/77368\/revisions"}],"predecessor-version":[{"id":77370,"href":"https:\/\/www.egemtv.com\/index.php?rest_route=\/wp\/v2\/posts\/77368\/revisions\/77370"}],"wp:featuredmedia":[{"embeddable":true,"href":"https:\/\/www.egemtv.com\/index.php?rest_route=\/wp\/v2\/media\/77369"}],"wp:attachment":[{"href":"https:\/\/www.egemtv.com\/index.php?rest_route=%2Fwp%2Fv2%2Fmedia&parent=77368"}],"wp:term":[{"taxonomy":"category","embeddable":true,"href":"https:\/\/www.egemtv.com\/index.php?rest_route=%2Fwp%2Fv2%2Fcategories&post=77368"},{"taxonomy":"post_tag","embeddable":true,"href":"https:\/\/www.egemtv.com\/index.php?rest_route=%2Fwp%2Fv2%2Ftags&post=77368"}],"curies":[{"name":"wp","href":"https:\/\/api.w.org\/{rel}","templated":true}]}}