{"id":77365,"date":"2025-12-29T15:54:47","date_gmt":"2025-12-29T12:54:47","guid":{"rendered":"https:\/\/www.egemtv.com\/?p=77365"},"modified":"2025-12-29T15:54:47","modified_gmt":"2025-12-29T12:54:47","slug":"meteorolojiden-kuvvetli-yagis-uyarisi","status":"publish","type":"post","link":"https:\/\/www.egemtv.com\/?p=77365","title":{"rendered":"Meteorolojiden kuvvetli ya\u011f\u0131\u015f uyar\u0131s\u0131"},"content":{"rendered":"<p>Ayd\u0131n\u2019\u0131n Ku\u015fadas\u0131, S\u00f6ke ve Didim il\u00e7eleri i\u00e7in kuvvetli sa\u011fanak ya\u011f\u0131\u015f uyar\u0131s\u0131 yap\u0131ld\u0131.<\/p>\n<p>Meteoroloji Genel M\u00fcd\u00fcrl\u00fc\u011f\u00fc\u2019nden yap\u0131lan son de\u011ferlendirmelere g\u00f6re Ayd\u0131n\u2019\u0131n bat\u0131s\u0131 i\u00e7in kuvvetli ve g\u00f6k g\u00fcr\u00fclt\u00fcl\u00fc sa\u011fanak ya\u011f\u0131\u015f uyar\u0131s\u0131 yap\u0131ld\u0131. Meteorolojiden yap\u0131lan a\u00e7\u0131klamada &#8220;Yap\u0131lan son de\u011ferlendirmelere g\u00f6re 30 Aral\u0131k 2025 Sal\u0131 ak\u015fam saatlerinden itibaren Ayd\u0131n\u2019\u0131n bat\u0131s\u0131 (Ku\u015fadas\u0131, S\u00f6ke, Didim) ile Mu\u011fla\u2019n\u0131n g\u00fcney ve bat\u0131s\u0131nda (Bodrum, Marmaris, Dat\u00e7a) yerel olarak kuvvetli sa\u011fanak ve g\u00f6k g\u00fcr\u00fclt\u00fcl\u00fc sa\u011fanak ya\u011f\u0131\u015f beklendi\u011finden sel, su bask\u0131n\u0131, y\u0131ld\u0131r\u0131m, ula\u015f\u0131mda aksamalar, ya\u011f\u0131\u015f an\u0131nda kuvvetli r\u00fczgar gibi olumsuzluklara kar\u015f\u0131 dikkatli ve tedbirli olunmal\u0131d\u0131r&#8221; ifadeleri yer ald\u0131.<br \/><\/p>\n","protected":false},"excerpt":{"rendered":"<p>Ayd\u0131n\u2019\u0131n Ku\u015fadas\u0131, S\u00f6ke ve Didim il\u00e7eleri i\u00e7in kuvvetli sa\u011fanak ya\u011f\u0131\u015f uyar\u0131s\u0131 yap\u0131ld\u0131. Meteoroloji Genel M\u00fcd\u00fcrl\u00fc\u011f\u00fc\u2019nden yap\u0131lan son de\u011ferlendirmelere g\u00f6re Ayd\u0131n\u2019\u0131n bat\u0131s\u0131 i\u00e7in kuvvetli ve g\u00f6k g\u00fcr\u00fclt\u00fcl\u00fc sa\u011fanak ya\u011f\u0131\u015f uyar\u0131s\u0131 yap\u0131ld\u0131. Meteorolojiden yap\u0131lan a\u00e7\u0131klamada &#8220;Yap\u0131lan son de\u011ferlendirmelere g\u00f6re 30 Aral\u0131k 2025 Sal\u0131 ak\u015fam saatlerinden itibaren Ayd\u0131n\u2019\u0131n bat\u0131s\u0131 (Ku\u015fadas\u0131, S\u00f6ke, Didim) ile Mu\u011fla\u2019n\u0131n g\u00fcney ve bat\u0131s\u0131nda (Bodrum,&#8230;<\/p>\n","protected":false},"author":1,"featured_media":77366,"comment_status":"open","ping_status":"open","sticky":false,"template":"","format":"standard","meta":{"_crdt_document":"","footnotes":""},"categories":[1],"tags":[],"class_list":["post-77365","post","type-post","status-publish","format-standard","has-post-thumbnail","hentry","category-guncel"],"_links":{"self":[{"href":"https:\/\/www.egemtv.com\/index.php?rest_route=\/wp\/v2\/posts\/77365","targetHints":{"allow":["GET"]}}],"collection":[{"href":"https:\/\/www.egemtv.com\/index.php?rest_route=\/wp\/v2\/posts"}],"about":[{"href":"https:\/\/www.egemtv.com\/index.php?rest_route=\/wp\/v2\/types\/post"}],"author":[{"embeddable":true,"href":"https:\/\/www.egemtv.com\/index.php?rest_route=\/wp\/v2\/users\/1"}],"replies":[{"embeddable":true,"href":"https:\/\/www.egemtv.com\/index.php?rest_route=%2Fwp%2Fv2%2Fcomments&post=77365"}],"version-history":[{"count":1,"href":"https:\/\/www.egemtv.com\/index.php?rest_route=\/wp\/v2\/posts\/77365\/revisions"}],"predecessor-version":[{"id":77367,"href":"https:\/\/www.egemtv.com\/index.php?rest_route=\/wp\/v2\/posts\/77365\/revisions\/77367"}],"wp:featuredmedia":[{"embeddable":true,"href":"https:\/\/www.egemtv.com\/index.php?rest_route=\/wp\/v2\/media\/77366"}],"wp:attachment":[{"href":"https:\/\/www.egemtv.com\/index.php?rest_route=%2Fwp%2Fv2%2Fmedia&parent=77365"}],"wp:term":[{"taxonomy":"category","embeddable":true,"href":"https:\/\/www.egemtv.com\/index.php?rest_route=%2Fwp%2Fv2%2Fcategories&post=77365"},{"taxonomy":"post_tag","embeddable":true,"href":"https:\/\/www.egemtv.com\/index.php?rest_route=%2Fwp%2Fv2%2Ftags&post=77365"}],"curies":[{"name":"wp","href":"https:\/\/api.w.org\/{rel}","templated":true}]}}