{"id":77359,"date":"2025-12-29T15:34:41","date_gmt":"2025-12-29T12:34:41","guid":{"rendered":"https:\/\/www.egemtv.com\/?p=77359"},"modified":"2025-12-29T15:34:42","modified_gmt":"2025-12-29T12:34:42","slug":"tir-ile-otomobilin-carpistigi-kazada-tir-yan-yatti-2-yarali","status":"publish","type":"post","link":"https:\/\/www.egemtv.com\/?p=77359","title":{"rendered":"T\u0131r ile otomobilin \u00e7arp\u0131\u015ft\u0131\u011f\u0131 kazada t\u0131r yan yatt\u0131; 2 yaral\u0131"},"content":{"rendered":"<p>Denizli (\u0130HA) \u2013Denizli\u2019de seyir halindeki t\u0131r kav\u015fakta otomobil ile \u00e7arp\u0131\u015ft\u0131. Kazada t\u0131r ve otomobilde b\u00fcy\u00fck maddi hasar meydana gelirken t\u0131rda s\u0131k\u0131\u015fan yaral\u0131 itfaiye ekiplerince kurtar\u0131ld\u0131ktan sonra en yak\u0131n hastaneye kald\u0131r\u0131ld\u0131.<\/p>\n<p>Kaza, Denizli\u2019nin Sarayk\u00f6y il\u00e7esinde meydana geldi. Edinilen bilgilere g\u00f6re; ak\u015fam saatlerinde hen\u00fcz plakas\u0131 bilinmeyen t\u0131r seyir halindeyken Sarayk\u00f6y Kav\u015fa\u011f\u0131nda, bir otomobil ile \u00e7arp\u0131\u015ft\u0131. \u00c7arp\u0131\u015fman\u0131n ard\u0131ndan otomobilde maddi hasar meydana gelirken t\u0131r yan yatt\u0131. Kazay\u0131 g\u00f6ren \u00e7evredeki vatanda\u015flar durumu 112 Acil \u00c7a\u011fr\u0131 Merkezine bildirdi. \u0130hbar \u00fczerine b\u00f6lgeye itfaiye, sa\u011fl\u0131k ve polis ekipleri sevk edildi.<\/p>\n<p>B\u00f6lgeye gelen itfaiye ekipleri t\u0131rda s\u0131k\u0131\u015fan vatanda\u015f\u0131 kurtararak sa\u011fl\u0131k ekiplerine teslim etti. Sa\u011fl\u0131k ekipleri yaral\u0131 vatanda\u015f\u0131 olay yerinde ilk m\u00fcdahalelerin ard\u0131ndan ambulans ile en yak\u0131n hastaneye sevk etti. Hastaneye kald\u0131r\u0131lan yaral\u0131n\u0131n sa\u011fl\u0131k durumunun iyi oldu\u011fu \u00f6\u011frenildi.<\/p>\n<p>Kaza ile ilgili soru\u015fturma ba\u015flat\u0131ld\u0131.<br \/><\/p>\n","protected":false},"excerpt":{"rendered":"<p>Denizli (\u0130HA) \u2013Denizli\u2019de seyir halindeki t\u0131r kav\u015fakta otomobil ile \u00e7arp\u0131\u015ft\u0131. Kazada t\u0131r ve otomobilde b\u00fcy\u00fck maddi hasar meydana gelirken t\u0131rda s\u0131k\u0131\u015fan yaral\u0131 itfaiye ekiplerince kurtar\u0131ld\u0131ktan sonra en yak\u0131n hastaneye kald\u0131r\u0131ld\u0131. Kaza, Denizli\u2019nin Sarayk\u00f6y il\u00e7esinde meydana geldi. Edinilen bilgilere g\u00f6re; ak\u015fam saatlerinde hen\u00fcz plakas\u0131 bilinmeyen t\u0131r seyir halindeyken Sarayk\u00f6y Kav\u015fa\u011f\u0131nda, bir otomobil ile \u00e7arp\u0131\u015ft\u0131. \u00c7arp\u0131\u015fman\u0131n ard\u0131ndan&#8230;<\/p>\n","protected":false},"author":1,"featured_media":77360,"comment_status":"open","ping_status":"open","sticky":false,"template":"","format":"standard","meta":{"_crdt_document":"","footnotes":""},"categories":[5],"tags":[],"class_list":["post-77359","post","type-post","status-publish","format-standard","has-post-thumbnail","hentry","category-asayis"],"_links":{"self":[{"href":"https:\/\/www.egemtv.com\/index.php?rest_route=\/wp\/v2\/posts\/77359","targetHints":{"allow":["GET"]}}],"collection":[{"href":"https:\/\/www.egemtv.com\/index.php?rest_route=\/wp\/v2\/posts"}],"about":[{"href":"https:\/\/www.egemtv.com\/index.php?rest_route=\/wp\/v2\/types\/post"}],"author":[{"embeddable":true,"href":"https:\/\/www.egemtv.com\/index.php?rest_route=\/wp\/v2\/users\/1"}],"replies":[{"embeddable":true,"href":"https:\/\/www.egemtv.com\/index.php?rest_route=%2Fwp%2Fv2%2Fcomments&post=77359"}],"version-history":[{"count":1,"href":"https:\/\/www.egemtv.com\/index.php?rest_route=\/wp\/v2\/posts\/77359\/revisions"}],"predecessor-version":[{"id":77361,"href":"https:\/\/www.egemtv.com\/index.php?rest_route=\/wp\/v2\/posts\/77359\/revisions\/77361"}],"wp:featuredmedia":[{"embeddable":true,"href":"https:\/\/www.egemtv.com\/index.php?rest_route=\/wp\/v2\/media\/77360"}],"wp:attachment":[{"href":"https:\/\/www.egemtv.com\/index.php?rest_route=%2Fwp%2Fv2%2Fmedia&parent=77359"}],"wp:term":[{"taxonomy":"category","embeddable":true,"href":"https:\/\/www.egemtv.com\/index.php?rest_route=%2Fwp%2Fv2%2Fcategories&post=77359"},{"taxonomy":"post_tag","embeddable":true,"href":"https:\/\/www.egemtv.com\/index.php?rest_route=%2Fwp%2Fv2%2Ftags&post=77359"}],"curies":[{"name":"wp","href":"https:\/\/api.w.org\/{rel}","templated":true}]}}