{"id":77356,"date":"2025-12-29T15:16:22","date_gmt":"2025-12-29T12:16:22","guid":{"rendered":"https:\/\/www.egemtv.com\/?p=77356"},"modified":"2025-12-29T15:16:23","modified_gmt":"2025-12-29T12:16:23","slug":"mentesede-elektrik-trafosunda-yangin-panigi","status":"publish","type":"post","link":"https:\/\/www.egemtv.com\/?p=77356","title":{"rendered":"Mente\u015fe\u2019de elektrik trafosunda yang\u0131n pani\u011fi"},"content":{"rendered":"<p>Mente\u015fe Kent Meydan\u0131\u2019nda bulunan elektrik trafosundan y\u00fckselen dumanlar pani\u011fe neden olurken, ihbar \u00fczerine b\u00f6lgeye sevk edilen ekipler taraf\u0131ndan yang\u0131n k\u0131sa s\u00fcrede kontrol alt\u0131na al\u0131nd\u0131.<\/p>\n<p>Mu\u011fla Mente\u015fe Kent Meydan\u0131\u2019n\u0131n yan\u0131nda bulunan elektrik trafosundan dumanlar y\u00fckseldi\u011fini g\u00f6ren vatanda\u015flar durumu 112 Acil \u00c7a\u011fr\u0131 Merkezi\u2019ne bildirdi. \u0130hbar \u00fczerine b\u00f6lgeye Mu\u011fla B\u00fcy\u00fck\u015fehir Belediyesi \u0130tfaiye Daire Ba\u015fkanl\u0131\u011f\u0131 ekipleri sevk edildi. Polis ekipleri \u00e7evrede g\u00fcvenlik \u00f6nlemi al\u0131rken, 112 Acil Sa\u011fl\u0131k ekipleri de tedbir ama\u00e7l\u0131 b\u00f6lgede haz\u0131r bekletildi. Elektri\u011fin kesilmesinin ard\u0131ndan itfaiye ekipleri, trafonun i\u00e7indeki yang\u0131na yang\u0131n s\u00f6nd\u00fcrme t\u00fcp\u00fcyle m\u00fcdahale ederek duman\u0131 ve alevleri kontrol alt\u0131na ald\u0131.<\/p>\n<p>Yang\u0131n\u0131n \u00e7\u0131k\u0131\u015f sebebi ara\u015ft\u0131r\u0131l\u0131yor.<br \/><\/p>\n","protected":false},"excerpt":{"rendered":"<p>Mente\u015fe Kent Meydan\u0131\u2019nda bulunan elektrik trafosundan y\u00fckselen dumanlar pani\u011fe neden olurken, ihbar \u00fczerine b\u00f6lgeye sevk edilen ekipler taraf\u0131ndan yang\u0131n k\u0131sa s\u00fcrede kontrol alt\u0131na al\u0131nd\u0131. Mu\u011fla Mente\u015fe Kent Meydan\u0131\u2019n\u0131n yan\u0131nda bulunan elektrik trafosundan dumanlar y\u00fckseldi\u011fini g\u00f6ren vatanda\u015flar durumu 112 Acil \u00c7a\u011fr\u0131 Merkezi\u2019ne bildirdi. \u0130hbar \u00fczerine b\u00f6lgeye Mu\u011fla B\u00fcy\u00fck\u015fehir Belediyesi \u0130tfaiye Daire Ba\u015fkanl\u0131\u011f\u0131 ekipleri sevk edildi. Polis&#8230;<\/p>\n","protected":false},"author":1,"featured_media":77357,"comment_status":"open","ping_status":"open","sticky":false,"template":"","format":"standard","meta":{"_crdt_document":"","footnotes":""},"categories":[5],"tags":[],"class_list":["post-77356","post","type-post","status-publish","format-standard","has-post-thumbnail","hentry","category-asayis"],"_links":{"self":[{"href":"https:\/\/www.egemtv.com\/index.php?rest_route=\/wp\/v2\/posts\/77356","targetHints":{"allow":["GET"]}}],"collection":[{"href":"https:\/\/www.egemtv.com\/index.php?rest_route=\/wp\/v2\/posts"}],"about":[{"href":"https:\/\/www.egemtv.com\/index.php?rest_route=\/wp\/v2\/types\/post"}],"author":[{"embeddable":true,"href":"https:\/\/www.egemtv.com\/index.php?rest_route=\/wp\/v2\/users\/1"}],"replies":[{"embeddable":true,"href":"https:\/\/www.egemtv.com\/index.php?rest_route=%2Fwp%2Fv2%2Fcomments&post=77356"}],"version-history":[{"count":1,"href":"https:\/\/www.egemtv.com\/index.php?rest_route=\/wp\/v2\/posts\/77356\/revisions"}],"predecessor-version":[{"id":77358,"href":"https:\/\/www.egemtv.com\/index.php?rest_route=\/wp\/v2\/posts\/77356\/revisions\/77358"}],"wp:featuredmedia":[{"embeddable":true,"href":"https:\/\/www.egemtv.com\/index.php?rest_route=\/wp\/v2\/media\/77357"}],"wp:attachment":[{"href":"https:\/\/www.egemtv.com\/index.php?rest_route=%2Fwp%2Fv2%2Fmedia&parent=77356"}],"wp:term":[{"taxonomy":"category","embeddable":true,"href":"https:\/\/www.egemtv.com\/index.php?rest_route=%2Fwp%2Fv2%2Fcategories&post=77356"},{"taxonomy":"post_tag","embeddable":true,"href":"https:\/\/www.egemtv.com\/index.php?rest_route=%2Fwp%2Fv2%2Ftags&post=77356"}],"curies":[{"name":"wp","href":"https:\/\/api.w.org\/{rel}","templated":true}]}}