{"id":77353,"date":"2025-12-29T14:54:53","date_gmt":"2025-12-29T11:54:53","guid":{"rendered":"https:\/\/www.egemtv.com\/?p=77353"},"modified":"2025-12-29T14:54:53","modified_gmt":"2025-12-29T11:54:53","slug":"mugla-buyuksehir-atletlerinden-27-aralik-buyuk-ataturk-kosusunda-madalya-yagmuru","status":"publish","type":"post","link":"https:\/\/www.egemtv.com\/?p=77353","title":{"rendered":"Mu\u011fla B\u00fcy\u00fck\u015fehir Atletlerinden 27 Aral\u0131k B\u00fcy\u00fck Atat\u00fcrk ko\u015fusunda madalya ya\u011fmuru"},"content":{"rendered":"<p>Gazi Mustafa Kemal Atat\u00fcrk\u2019\u00fcn 27 Aral\u0131k 1919\u2019da Ankara\u2019ya geli\u015finin y\u0131l d\u00f6n\u00fcm\u00fc dolay\u0131s\u0131yla d\u00fczenlenen 27 Aral\u0131k B\u00fcy\u00fck Atat\u00fcrk Ko\u015fusunda Mu\u011fla B\u00fcy\u00fck\u015fehir Belediyesi Atletizm Altyap\u0131 sporcular\u0131 \u00f6nemli bir ba\u015far\u0131ya imza att\u0131. Farkl\u0131 ya\u015f kategorilerinde ger\u00e7ekle\u015ftirilen yar\u0131\u015flarda B\u00fcy\u00fck\u015fehir sporcular\u0131, organizasyonu 5 alt\u0131n, 4 g\u00fcm\u00fc\u015f ve 2 bronz madalya ile tamamlad\u0131.<br \/>\n<br \/>Sporcular Alt\u0131n, G\u00fcm\u00fc\u015f ve Bronz madalyalar ald\u0131<br \/>\n<br \/>Yar\u0131\u015flarda Y\u0131ld\u0131z Erkekler kategorisinde Kerem Batur Gen\u00e7, K\u00fc\u00e7\u00fck Erkekler kategorisinde Alper \u00c7akmak, K\u00fc\u00e7\u00fck K\u0131zlar kategorisinde Mine Filiz, Minik Erkekler kategorisinde Deniz \u00c7elebi ve Minik K\u0131zlar kategorisinde Lara Karage\u00e7 birincilik elde ederek alt\u0131n madalyan\u0131n sahibi oldu.<br \/>\n<br \/>K\u00fc\u00e7\u00fck Erkekler kategorisinde Ali Efe G\u00fcm\u00fc\u015f ve Ya\u011f\u0131z \u00d6nta\u015f, K\u00fc\u00e7\u00fck K\u0131zlar kategorisinde Elif G\u00f6n\u00fcl Acar ile Minik K\u0131zlar kategorisinde Fatma Meryem Kutlu g\u00fcm\u00fc\u015f madalya kazan\u0131rken, K\u00fc\u00e7\u00fck K\u0131zlar kategorisinde Zeynep Onur \u00fc\u00e7\u00fcnc\u00fc olarak bronz madalya elde etti. K\u00fc\u00e7\u00fck Erkekler kategorisinde yar\u0131\u015fan Y\u00fcksel K\u0131vr\u0131k ise m\u00fcsabakalar\u0131 d\u00f6rd\u00fcnc\u00fc s\u0131rada tamamlad\u0131.<br \/>\n<br \/>Ba\u015fkan Aras: &#8220;Sporcular\u0131m\u0131z bizleri gururland\u0131rd\u0131&#8221;<br \/>\n<br \/>K\u0131y\u0131 Ege Belediyeler Birli\u011fi ve Mu\u011fla B\u00fcy\u00fck\u015fehir Belediye Ba\u015fkan\u0131 Ahmet Aras, yar\u0131\u015flarda elde edilen ba\u015far\u0131larda eme\u011fi bulunan antren\u00f6rler Can K\u00fc\u00e7\u00fckbilgili ve Salih Mira\u00e7 B\u00fcy\u00fckaslan\u2019a te\u015fekk\u00fcr ederek, &#8220;Atat\u00fcrk\u2019\u00fcn Ankara\u2019ya geli\u015finin y\u0131l d\u00f6n\u00fcm\u00fcnde d\u00fczenlenen bu anlaml\u0131 organizasyonda elde edilen ba\u015far\u0131lar bizleri gururland\u0131rd\u0131. Disiplinli \u00e7al\u0131\u015fmalar\u0131yla bu dereceleri kazanan sporcular\u0131m\u0131z\u0131 ve onlar\u0131n yeti\u015fmesinde b\u00fcy\u00fck emek veren antren\u00f6rlerimizi y\u00fcrekten kutluyor, sporcular\u0131m\u0131za ba\u015far\u0131lar\u0131n\u0131n artarak devam etmesini diliyorum&#8221; dedi.<br \/><\/p>\n","protected":false},"excerpt":{"rendered":"<p>Gazi Mustafa Kemal Atat\u00fcrk\u2019\u00fcn 27 Aral\u0131k 1919\u2019da Ankara\u2019ya geli\u015finin y\u0131l d\u00f6n\u00fcm\u00fc dolay\u0131s\u0131yla d\u00fczenlenen 27 Aral\u0131k B\u00fcy\u00fck Atat\u00fcrk Ko\u015fusunda Mu\u011fla B\u00fcy\u00fck\u015fehir Belediyesi Atletizm Altyap\u0131 sporcular\u0131 \u00f6nemli bir ba\u015far\u0131ya imza att\u0131. Farkl\u0131 ya\u015f kategorilerinde ger\u00e7ekle\u015ftirilen yar\u0131\u015flarda B\u00fcy\u00fck\u015fehir sporcular\u0131, organizasyonu 5 alt\u0131n, 4 g\u00fcm\u00fc\u015f ve 2 bronz madalya ile tamamlad\u0131. Sporcular Alt\u0131n, G\u00fcm\u00fc\u015f ve Bronz madalyalar ald\u0131 Yar\u0131\u015flarda&#8230;<\/p>\n","protected":false},"author":1,"featured_media":77354,"comment_status":"open","ping_status":"open","sticky":false,"template":"","format":"standard","meta":{"_crdt_document":"","footnotes":""},"categories":[4],"tags":[],"class_list":["post-77353","post","type-post","status-publish","format-standard","has-post-thumbnail","hentry","category-spor"],"_links":{"self":[{"href":"https:\/\/www.egemtv.com\/index.php?rest_route=\/wp\/v2\/posts\/77353","targetHints":{"allow":["GET"]}}],"collection":[{"href":"https:\/\/www.egemtv.com\/index.php?rest_route=\/wp\/v2\/posts"}],"about":[{"href":"https:\/\/www.egemtv.com\/index.php?rest_route=\/wp\/v2\/types\/post"}],"author":[{"embeddable":true,"href":"https:\/\/www.egemtv.com\/index.php?rest_route=\/wp\/v2\/users\/1"}],"replies":[{"embeddable":true,"href":"https:\/\/www.egemtv.com\/index.php?rest_route=%2Fwp%2Fv2%2Fcomments&post=77353"}],"version-history":[{"count":1,"href":"https:\/\/www.egemtv.com\/index.php?rest_route=\/wp\/v2\/posts\/77353\/revisions"}],"predecessor-version":[{"id":77355,"href":"https:\/\/www.egemtv.com\/index.php?rest_route=\/wp\/v2\/posts\/77353\/revisions\/77355"}],"wp:featuredmedia":[{"embeddable":true,"href":"https:\/\/www.egemtv.com\/index.php?rest_route=\/wp\/v2\/media\/77354"}],"wp:attachment":[{"href":"https:\/\/www.egemtv.com\/index.php?rest_route=%2Fwp%2Fv2%2Fmedia&parent=77353"}],"wp:term":[{"taxonomy":"category","embeddable":true,"href":"https:\/\/www.egemtv.com\/index.php?rest_route=%2Fwp%2Fv2%2Fcategories&post=77353"},{"taxonomy":"post_tag","embeddable":true,"href":"https:\/\/www.egemtv.com\/index.php?rest_route=%2Fwp%2Fv2%2Ftags&post=77353"}],"curies":[{"name":"wp","href":"https:\/\/api.w.org\/{rel}","templated":true}]}}