{"id":77350,"date":"2025-12-29T14:54:52","date_gmt":"2025-12-29T11:54:52","guid":{"rendered":"https:\/\/www.egemtv.com\/?p=77350"},"modified":"2025-12-29T14:54:53","modified_gmt":"2025-12-29T11:54:53","slug":"minikler-spil-daginda-dogayla-bulustu","status":"publish","type":"post","link":"https:\/\/www.egemtv.com\/?p=77350","title":{"rendered":"Minikler Spil Da\u011f\u0131\u2019nda do\u011fayla bulu\u015ftu"},"content":{"rendered":"<p>Yeni y\u0131l\u0131n son pazar\u0131nda d\u00fczenlenen do\u011fa gezisinde anaokulu \u00f6\u011frencileri ve aileleri, Spil Da\u011f\u0131 Milli Park\u0131\u2019nda hem \u00f6\u011fretici hem de keyifli bir g\u00fcn ge\u00e7irdi.<br \/>\n<br \/>Yakla\u015f\u0131k 40 ara\u00e7tan olu\u015fan konvoyla Spil Da\u011f\u0131 Milli Park\u0131 Ziyaret\u00e7i Merkezi\u2019ne ula\u015fan minikler ve velileri, Milli Park M\u00fcd\u00fcr\u00fc Halil Ernal\u00e7ac\u0131 ve park personeli taraf\u0131ndan kar\u015f\u0131land\u0131. Ziyaret kapsam\u0131nda 35 \u00f6\u011frenci ve velilerine konferans salonunda Spil Da\u011f\u0131 Milli Park\u0131\u2019n\u0131 tan\u0131tan bilgilendirici film izletildi. Foto kapan g\u00f6r\u00fcnt\u00fclerinin de yer ald\u0131\u011f\u0131 sunumda, parkta ya\u015fayan hayvanlar\u0131n do\u011fal ya\u015famlar\u0131na ait g\u00f6r\u00fcnt\u00fcler ilgiyle takip edildi.<br \/>\n<br \/>Tan\u0131t\u0131m\u0131n ard\u0131ndan ziyaret\u00e7i merkezinde bulunan ve yakla\u015f\u0131k 40 tahnit hayvan g\u00f6rselinin yer ald\u0131\u011f\u0131 Hayvan (Tahnit) M\u00fczesi gezildi. Rehberler e\u015fli\u011finde ger\u00e7ekle\u015ftirilen do\u011fa y\u00fcr\u00fcy\u00fc\u015f\u00fcnde \u00e7ocuklar merak ettikleri sorular\u0131 sorarak \u00e7evre ve do\u011fa bilinci kazand\u0131. Foto\u011fraf sergi alan\u0131n\u0131 da gezen minikler, \u00f6\u011frenirken e\u011flenceli anlar ya\u015fad\u0131.<br \/>\n<br \/>Etkinlik sonunda \u00f6\u011frencilere \u00e7evre duyarl\u0131l\u0131\u011f\u0131n\u0131 peki\u015ftirmek amac\u0131yla &#8220;Do\u011fa Dostu Belgesi&#8221; verildi. Okul M\u00fcd\u00fcr\u00fc Cem Erd\u00f6l, yapt\u0131\u011f\u0131 a\u00e7\u0131klamada, \u00e7ocuklar\u0131n erken ya\u015fta do\u011fayla ba\u011f kurmas\u0131n\u0131n \u00f6nemine dikkat \u00e7ekilerek, do\u011fa temelli etkinliklerin 2026 y\u0131l\u0131 boyunca devam edece\u011fi belirtildi.<br \/>\n<br \/>Spil Da\u011f\u0131 Milli Park\u0131 gezi program\u0131, sucuk ekmek ve ayran ikram\u0131 e\u015fli\u011finde yap\u0131lan piknik ve oyun zaman\u0131yla sona erdi.<br \/><\/p>\n","protected":false},"excerpt":{"rendered":"<p>Yeni y\u0131l\u0131n son pazar\u0131nda d\u00fczenlenen do\u011fa gezisinde anaokulu \u00f6\u011frencileri ve aileleri, Spil Da\u011f\u0131 Milli Park\u0131\u2019nda hem \u00f6\u011fretici hem de keyifli bir g\u00fcn ge\u00e7irdi. Yakla\u015f\u0131k 40 ara\u00e7tan olu\u015fan konvoyla Spil Da\u011f\u0131 Milli Park\u0131 Ziyaret\u00e7i Merkezi\u2019ne ula\u015fan minikler ve velileri, Milli Park M\u00fcd\u00fcr\u00fc Halil Ernal\u00e7ac\u0131 ve park personeli taraf\u0131ndan kar\u015f\u0131land\u0131. Ziyaret kapsam\u0131nda 35 \u00f6\u011frenci ve velilerine konferans&#8230;<\/p>\n","protected":false},"author":1,"featured_media":77351,"comment_status":"open","ping_status":"open","sticky":false,"template":"","format":"standard","meta":{"_crdt_document":"","footnotes":""},"categories":[1],"tags":[],"class_list":["post-77350","post","type-post","status-publish","format-standard","has-post-thumbnail","hentry","category-guncel"],"_links":{"self":[{"href":"https:\/\/www.egemtv.com\/index.php?rest_route=\/wp\/v2\/posts\/77350","targetHints":{"allow":["GET"]}}],"collection":[{"href":"https:\/\/www.egemtv.com\/index.php?rest_route=\/wp\/v2\/posts"}],"about":[{"href":"https:\/\/www.egemtv.com\/index.php?rest_route=\/wp\/v2\/types\/post"}],"author":[{"embeddable":true,"href":"https:\/\/www.egemtv.com\/index.php?rest_route=\/wp\/v2\/users\/1"}],"replies":[{"embeddable":true,"href":"https:\/\/www.egemtv.com\/index.php?rest_route=%2Fwp%2Fv2%2Fcomments&post=77350"}],"version-history":[{"count":1,"href":"https:\/\/www.egemtv.com\/index.php?rest_route=\/wp\/v2\/posts\/77350\/revisions"}],"predecessor-version":[{"id":77352,"href":"https:\/\/www.egemtv.com\/index.php?rest_route=\/wp\/v2\/posts\/77350\/revisions\/77352"}],"wp:featuredmedia":[{"embeddable":true,"href":"https:\/\/www.egemtv.com\/index.php?rest_route=\/wp\/v2\/media\/77351"}],"wp:attachment":[{"href":"https:\/\/www.egemtv.com\/index.php?rest_route=%2Fwp%2Fv2%2Fmedia&parent=77350"}],"wp:term":[{"taxonomy":"category","embeddable":true,"href":"https:\/\/www.egemtv.com\/index.php?rest_route=%2Fwp%2Fv2%2Fcategories&post=77350"},{"taxonomy":"post_tag","embeddable":true,"href":"https:\/\/www.egemtv.com\/index.php?rest_route=%2Fwp%2Fv2%2Ftags&post=77350"}],"curies":[{"name":"wp","href":"https:\/\/api.w.org\/{rel}","templated":true}]}}