{"id":77347,"date":"2025-12-29T14:54:51","date_gmt":"2025-12-29T11:54:51","guid":{"rendered":"https:\/\/www.egemtv.com\/?p=77347"},"modified":"2025-12-29T14:54:52","modified_gmt":"2025-12-29T11:54:52","slug":"turkiyenin-ceviz-baskenti-denizlide-ceviz-fidani-dagitimi-basladi","status":"publish","type":"post","link":"https:\/\/www.egemtv.com\/?p=77347","title":{"rendered":"T\u00fcrkiye\u2019nin ceviz ba\u015fkenti Denizli\u2019de ceviz fidan\u0131 da\u011f\u0131t\u0131m\u0131 ba\u015flad\u0131"},"content":{"rendered":"<p>Denizlili \u00fcreticilere daha ekonomik ve kaliteli fidan temin edilmesini sa\u011flama ve  Denizli\u2019nin T\u00fcrkiye ceviz \u00fcretimindeki yerini ilk s\u0131ralara \u00e7\u0131kartmak amac\u0131yla Denizli Valili\u011fi Koordinesinde, Denizli \u0130l Tar\u0131m ve Orman M\u00fcd\u00fcrl\u00fc\u011f\u00fc taraf\u0131ndan \u00fcreticiye ceviz fidan\u0131 da\u011f\u0131t\u0131m\u0131 yap\u0131ld\u0131.<\/p>\n<p>Denizli Valili\u011fi Koordinesinde, Denizli \u0130l Tar\u0131m ve Orman M\u00fcd\u00fcrl\u00fc\u011f\u00fc ve Denizli Ticaret Borsas\u0131 ile birlikte y\u00fcr\u00fct\u00fclmekte olan &#8220;Ceviz \u00dcretim Alanlar\u0131n\u0131 Geli\u015ftirme Projesi&#8221; kapsam\u0131nda yap\u0131lan program do\u011frultusunda bu y\u0131l ceviz fidan\u0131 da\u011f\u0131t\u0131m\u0131 Denizli Ticaret Borsas\u0131 Canl\u0131 Hayvan Pazaryerinde ger\u00e7ekle\u015ftirilen t\u00f6renle ba\u015fland\u0131. D\u00fczenlenen t\u00f6rene; Denizli \u0130l Tar\u0131m ve Orman M\u00fcd\u00fcr\u00fc Mustafa Nevzat Zayim, Denizli Ticaret Borsas\u0131 yetkilileri, \u0130l M\u00fcd\u00fcr Yard\u0131mc\u0131s\u0131, \u015eube\/\u0130l\u00e7e M\u00fcd\u00fcrleri, Sivil Toplum Kurulu\u015f temsilcileri ve \u00fcreticiler kat\u0131ld\u0131.<\/p>\n<p>Denizli\u2019de T\u00dc\u0130K-2024 y\u0131l\u0131 verilerine g\u00f6re, 132 bin 240 dekar alandan 22 bin 242 ton ceviz \u00fcretimi ger\u00e7ekle\u015ftirilmi\u015ftir. Meyve veren 1 milyon 114 bin 189 adet, ceviz a\u011fac\u0131 bulunmakta. Uygulanan proje sayesinde bu say\u0131n\u0131n her y\u0131l artarak devam etmesi ama\u00e7lan\u0131yor.<\/p>\n<p>Denizli Tar\u0131m ve Orman \u0130l M\u00fcd\u00fcr\u00fc Mustafa Nevzat Zayim yapt\u0131\u011f\u0131 a\u00e7\u0131klamada; &#8220;Denizli, T\u00fcrkiye ceviz \u00fcretiminin y\u00fczde 5.22\u2019sini kar\u015f\u0131lamakta olup kapama bah\u00e7e alan  ve \u00fcretim bak\u0131m\u0131ndan T\u00fcrkiye\u2019de 1\u2019inci s\u0131rada yer almaktad\u0131r.  Da\u011f\u0131tt\u0131\u011f\u0131m\u0131z ceviz fidanlar\u0131 d\u00fcnyada kabul g\u00f6rm\u00fc\u015f \u00e7e\u015fitlerden olu\u015fmakta, kurulan kapama bah\u00e7elerin kontrolleri teknik personelimiz taraf\u0131ndan her y\u0131l d\u00fczenli olarak yap\u0131lmaktad\u0131r. Tutma oranlar\u0131 y\u00fczde 80-90 aras\u0131ndad\u0131r. Hedefimiz; alan ve \u00fcretim bak\u0131m\u0131ndan T\u00fcrkiye\u2019de ilk s\u0131rada olan Denizli\u2019nin bu ba\u015far\u0131s\u0131n\u0131 devam ettirmek ve d\u00fcnyada da ayn\u0131 ba\u015far\u0131y\u0131 yakalamakt\u0131r. Bu sezon fidan da\u011f\u0131t\u0131m ve dikim d\u00f6nemi i\u00e7in Tar\u0131m ve Orman \u0130l M\u00fcd\u00fcrl\u00fc\u011f\u00fc ve Denizli Ticaret Borsas\u0131 teknik personeli ile birlikte Bal\u0131kesir Band\u0131rma \u0130l\u00e7esindeki fidan \u00fcreticileri ve \u00fcretim parsellerindeki ceviz fidanlar\u0131n\u0131n geli\u015fimi ve bitki sa\u011fl\u0131\u011f\u0131 y\u00f6n\u00fcyle kontrolleri yap\u0131ld\u0131ktan sonra Denizli\u2019ye getirilen chandler \u00e7e\u015fidi ceviz fidan\u0131n\u0131n 17 il\u00e7ede \u00fcreticimize da\u011f\u0131t\u0131lmas\u0131 planlanmakta olup ilk etapta;  Honaz, Pamukkale, Baklan, \u00c7al ve Beya\u011fa\u00e7 il\u00e7elerine verilmek \u00fczere toplam 30 bin adet fidan\u0131n da\u011f\u0131t\u0131m\u0131 ger\u00e7ekle\u015ftirildi&#8221;  dedi.<\/p>\n<p>Bu y\u0131l da\u011f\u0131t\u0131m\u0131 yap\u0131lacak olan 30 bin adet fidanla birlikte Denizli\u2019de 9 y\u0131lda da\u011f\u0131t\u0131lan Ceviz fidan\u0131 say\u0131s\u0131 toplam\u0131 630 bine ula\u015fm\u0131\u015f oldu.<br \/><\/p>\n","protected":false},"excerpt":{"rendered":"<p>Denizlili \u00fcreticilere daha ekonomik ve kaliteli fidan temin edilmesini sa\u011flama ve Denizli\u2019nin T\u00fcrkiye ceviz \u00fcretimindeki yerini ilk s\u0131ralara \u00e7\u0131kartmak amac\u0131yla Denizli Valili\u011fi Koordinesinde, Denizli \u0130l Tar\u0131m ve Orman M\u00fcd\u00fcrl\u00fc\u011f\u00fc taraf\u0131ndan \u00fcreticiye ceviz fidan\u0131 da\u011f\u0131t\u0131m\u0131 yap\u0131ld\u0131. Denizli Valili\u011fi Koordinesinde, Denizli \u0130l Tar\u0131m ve Orman M\u00fcd\u00fcrl\u00fc\u011f\u00fc ve Denizli Ticaret Borsas\u0131 ile birlikte y\u00fcr\u00fct\u00fclmekte olan &#8220;Ceviz \u00dcretim Alanlar\u0131n\u0131&#8230;<\/p>\n","protected":false},"author":1,"featured_media":77348,"comment_status":"open","ping_status":"open","sticky":false,"template":"","format":"standard","meta":{"_crdt_document":"","footnotes":""},"categories":[125],"tags":[],"class_list":["post-77347","post","type-post","status-publish","format-standard","has-post-thumbnail","hentry","category-ekonomi"],"_links":{"self":[{"href":"https:\/\/www.egemtv.com\/index.php?rest_route=\/wp\/v2\/posts\/77347","targetHints":{"allow":["GET"]}}],"collection":[{"href":"https:\/\/www.egemtv.com\/index.php?rest_route=\/wp\/v2\/posts"}],"about":[{"href":"https:\/\/www.egemtv.com\/index.php?rest_route=\/wp\/v2\/types\/post"}],"author":[{"embeddable":true,"href":"https:\/\/www.egemtv.com\/index.php?rest_route=\/wp\/v2\/users\/1"}],"replies":[{"embeddable":true,"href":"https:\/\/www.egemtv.com\/index.php?rest_route=%2Fwp%2Fv2%2Fcomments&post=77347"}],"version-history":[{"count":1,"href":"https:\/\/www.egemtv.com\/index.php?rest_route=\/wp\/v2\/posts\/77347\/revisions"}],"predecessor-version":[{"id":77349,"href":"https:\/\/www.egemtv.com\/index.php?rest_route=\/wp\/v2\/posts\/77347\/revisions\/77349"}],"wp:featuredmedia":[{"embeddable":true,"href":"https:\/\/www.egemtv.com\/index.php?rest_route=\/wp\/v2\/media\/77348"}],"wp:attachment":[{"href":"https:\/\/www.egemtv.com\/index.php?rest_route=%2Fwp%2Fv2%2Fmedia&parent=77347"}],"wp:term":[{"taxonomy":"category","embeddable":true,"href":"https:\/\/www.egemtv.com\/index.php?rest_route=%2Fwp%2Fv2%2Fcategories&post=77347"},{"taxonomy":"post_tag","embeddable":true,"href":"https:\/\/www.egemtv.com\/index.php?rest_route=%2Fwp%2Fv2%2Ftags&post=77347"}],"curies":[{"name":"wp","href":"https:\/\/api.w.org\/{rel}","templated":true}]}}