{"id":77344,"date":"2025-12-29T14:54:50","date_gmt":"2025-12-29T11:54:50","guid":{"rendered":"https:\/\/www.egemtv.com\/?p=77344"},"modified":"2025-12-29T14:54:51","modified_gmt":"2025-12-29T11:54:51","slug":"merkezefendi-belediyesi-sehit-acinin-ardindan-konseri-iptal-etti","status":"publish","type":"post","link":"https:\/\/www.egemtv.com\/?p=77344","title":{"rendered":"Merkezefendi Belediyesi \u015fehit ac\u0131n\u0131n ard\u0131ndan konseri iptal etti"},"content":{"rendered":"<p>Merkezefendi Belediyesi, Yalova\u2019dan gelen \u015fehit haberlerinin ard\u0131ndan K\u0131\u015f Festivalinde d\u00fczenlenmesi planlanan konserlerin ileri bir tarihe ertelendi\u011fini duyurdu.<\/p>\n<p>Merkezefendi Belediyesi, K\u0131\u015f Festivali\u2019nde d\u00fczenlenmesi planlanan konserlerin ileri bir tarihe ertelendi\u011fini duyurdu. Merkezefendi Belediyeden yap\u0131lan a\u00e7\u0131klamada, &#8220;K\u0131\u015f Festivali\u2019mizde bug\u00fcn ger\u00e7ekle\u015ftirece\u011fimiz G\u00fcven\u00e7 Y\u0131ld\u0131r\u0131m Konseri ve 31 Aral\u0131k \u00c7ar\u015famba g\u00fcn\u00fc ger\u00e7ekle\u015ftirmeyi planlad\u0131\u011f\u0131m\u0131z Ayna konserimiz, Yalova\u2019da d\u00fczenlenen operasyonda kahraman polislerimizin \u015fehit olmas\u0131 nedeniyle ileri bir tarihe ertelenmi\u015ftir. K\u0131\u015f Festivali\u2019mizde Buz Pisti ve al\u0131\u015fveri\u015f stantlar\u0131m\u0131z a\u00e7\u0131k olacakt\u0131r. \u015eehit olan polislerimize Allah\u2019tan rahmet, ailelerine ve yak\u0131nlar\u0131na ba\u015fsa\u011fl\u0131\u011f\u0131; yaral\u0131 polislerimize ve bek\u00e7imize acil \u015fifalar diliyoruz. Milletimizin ba\u015f\u0131 sa\u011f olsun&#8221; ifadelerine yer verildi.<br \/><\/p>\n","protected":false},"excerpt":{"rendered":"<p>Merkezefendi Belediyesi, Yalova\u2019dan gelen \u015fehit haberlerinin ard\u0131ndan K\u0131\u015f Festivalinde d\u00fczenlenmesi planlanan konserlerin ileri bir tarihe ertelendi\u011fini duyurdu. Merkezefendi Belediyesi, K\u0131\u015f Festivali\u2019nde d\u00fczenlenmesi planlanan konserlerin ileri bir tarihe ertelendi\u011fini duyurdu. Merkezefendi Belediyeden yap\u0131lan a\u00e7\u0131klamada, &#8220;K\u0131\u015f Festivali\u2019mizde bug\u00fcn ger\u00e7ekle\u015ftirece\u011fimiz G\u00fcven\u00e7 Y\u0131ld\u0131r\u0131m Konseri ve 31 Aral\u0131k \u00c7ar\u015famba g\u00fcn\u00fc ger\u00e7ekle\u015ftirmeyi planlad\u0131\u011f\u0131m\u0131z Ayna konserimiz, Yalova\u2019da d\u00fczenlenen operasyonda kahraman polislerimizin \u015fehit&#8230;<\/p>\n","protected":false},"author":1,"featured_media":77345,"comment_status":"open","ping_status":"open","sticky":false,"template":"","format":"standard","meta":{"_crdt_document":"","footnotes":""},"categories":[1],"tags":[],"class_list":["post-77344","post","type-post","status-publish","format-standard","has-post-thumbnail","hentry","category-guncel"],"_links":{"self":[{"href":"https:\/\/www.egemtv.com\/index.php?rest_route=\/wp\/v2\/posts\/77344","targetHints":{"allow":["GET"]}}],"collection":[{"href":"https:\/\/www.egemtv.com\/index.php?rest_route=\/wp\/v2\/posts"}],"about":[{"href":"https:\/\/www.egemtv.com\/index.php?rest_route=\/wp\/v2\/types\/post"}],"author":[{"embeddable":true,"href":"https:\/\/www.egemtv.com\/index.php?rest_route=\/wp\/v2\/users\/1"}],"replies":[{"embeddable":true,"href":"https:\/\/www.egemtv.com\/index.php?rest_route=%2Fwp%2Fv2%2Fcomments&post=77344"}],"version-history":[{"count":1,"href":"https:\/\/www.egemtv.com\/index.php?rest_route=\/wp\/v2\/posts\/77344\/revisions"}],"predecessor-version":[{"id":77346,"href":"https:\/\/www.egemtv.com\/index.php?rest_route=\/wp\/v2\/posts\/77344\/revisions\/77346"}],"wp:featuredmedia":[{"embeddable":true,"href":"https:\/\/www.egemtv.com\/index.php?rest_route=\/wp\/v2\/media\/77345"}],"wp:attachment":[{"href":"https:\/\/www.egemtv.com\/index.php?rest_route=%2Fwp%2Fv2%2Fmedia&parent=77344"}],"wp:term":[{"taxonomy":"category","embeddable":true,"href":"https:\/\/www.egemtv.com\/index.php?rest_route=%2Fwp%2Fv2%2Fcategories&post=77344"},{"taxonomy":"post_tag","embeddable":true,"href":"https:\/\/www.egemtv.com\/index.php?rest_route=%2Fwp%2Fv2%2Ftags&post=77344"}],"curies":[{"name":"wp","href":"https:\/\/api.w.org\/{rel}","templated":true}]}}