{"id":77341,"date":"2025-12-29T14:54:49","date_gmt":"2025-12-29T11:54:49","guid":{"rendered":"https:\/\/www.egemtv.com\/?p=77341"},"modified":"2025-12-29T14:54:50","modified_gmt":"2025-12-29T11:54:50","slug":"fethiye-oludenizde-328-milyonluk-yatirimin-4-etabi-tamamlandi","status":"publish","type":"post","link":"https:\/\/www.egemtv.com\/?p=77341","title":{"rendered":"Fethiye \u00d6l\u00fcdeniz\u2019de 328 milyonluk yat\u0131r\u0131m\u0131n 4. etab\u0131 tamamland\u0131"},"content":{"rendered":"<p>Mu\u011fla B\u00fcy\u00fck\u015fehir Belediyesi, Fethiye-\u00d6l\u00fcdeniz yolunda 328 milyon TL\u2019lik yat\u0131r\u0131mla y\u00fcr\u00fctt\u00fc\u011f\u00fc yol ve altyap\u0131 \u00e7al\u0131\u015fmalar\u0131 kapsam\u0131nda 4. Etap \u00d6l\u00fcdeniz-Kayak\u00f6y yolunda \u00e7al\u0131\u015fmalar\u0131n\u0131 tamamlad\u0131, 2. Etap Ovac\u0131k-\u015eehir i\u00e7i g\u00fczerg\u00e2h\u0131nda ise \u00e7al\u0131\u015fmalar devam ediyor.<br \/>\n<br \/>Mu\u011fla B\u00fcy\u00fck\u015fehir Belediyesi\u2019nin Fethiye-\u00d6l\u00fcdeniz b\u00f6lgesinde ba\u015flatt\u0131\u011f\u0131 yol, altyap\u0131 ve \u00e7evre d\u00fczenleme \u00e7al\u0131\u015fmalar\u0131, mahallelerde b\u00fcy\u00fck bir d\u00f6n\u00fc\u015f\u00fcmle devam ediyor. B\u00fcy\u00fck\u015fehir Belediyesi\u2019nin ger\u00e7ekle\u015ftirdi\u011fi yat\u0131r\u0131mlar hem ula\u015f\u0131m g\u00fcvenli\u011fini art\u0131r\u0131yor hem de b\u00f6lgenin turizm potansiyeline katk\u0131 sa\u011fl\u0131yor. 328 milyon TL\u2019lik yat\u0131r\u0131mla y\u00fcr\u00fct\u00fclen 4. Etap \u00d6l\u00fcdeniz-Kayak\u00f6y yolunda 2 bin 500 metre binder serimi tamamlan\u0131rken yatay ve d\u00fc\u015fey i\u015faretleme \u00e7al\u0131\u015fmalar\u0131 ba\u015flad\u0131.<br \/>\n<br \/>4. etap tamamland\u0131, 2. etapta \u00e7al\u0131\u015fmalar devam ediyor<br \/>\n<br \/>1. etap Patlang\u0131\u00e7-Ovac\u0131k, 3. etap Hisar\u00f6n\u00fc-\u00d6l\u00fcdeniz ve 4. etap \u00d6l\u00fcdeniz-Kayak\u00f6y yolunda \u00e7al\u0131\u015fmalar tamamlan\u0131rken, 2. Etap Ovac\u0131k-\u015eehir i\u00e7i g\u00fczerg\u00e2h\u0131nda ise \u00e7al\u0131\u015fmalar t\u00fcm h\u0131z\u0131yla devam ediyor.<br \/>\n<br \/>2. Etap Ovac\u0131k-\u015eehir i\u00e7i kapsam\u0131nda; 7 bin metre uzunlu\u011funda ya\u011fmur suyu hatt\u0131, kald\u0131r\u0131m d\u00fczenlemeleri, 3 bin s\u0131cak asfalt serimi, istinat duvar\u0131 yap\u0131m\u0131 ve d\u00f6nel kav\u015fak d\u00fczenlemeleri yap\u0131l\u0131yor.<br \/>\n<br \/>Genel proje kapsam\u0131nda 11 bin metre s\u0131cak asfalt serimi, 4 bin 200 metre i\u00e7me suyu hatt\u0131, 7 bin metre ya\u011fmursuyu hatt\u0131 ve 4 bin 500 metre \u00e7elik oto korkuluk yap\u0131m\u0131 yer al\u0131yor.<br \/>\n<br \/>Ba\u015fkan Aras: &#8220;Fethiye-\u00d6l\u00fcdeniz hatt\u0131n\u0131 gelece\u011fe haz\u0131rl\u0131yoruz&#8221;<br \/>\n<br \/>K\u0131y\u0131 Ege Belediyeler Birli\u011fi ve Mu\u011fla B\u00fcy\u00fck\u015fehir Belediye Ba\u015fkan\u0131 Ahmet Aras, &#8220;Fethiye-\u00d6l\u00fcdeniz hatt\u0131, hem hem\u015fehrilerimizin g\u00fcnl\u00fck ya\u015fam\u0131nda hem de kentimizin turizm kimli\u011finde \u00e7ok \u00f6nemli bir yere sahip. Bu g\u00fczergahta hayata ge\u00e7irdi\u011fimiz \u00e7al\u0131\u015fmalarla sadece yollar\u0131 yenilemiyor; g\u00fcvenli, konforlu ve estetik bir ula\u015f\u0131m altyap\u0131s\u0131n\u0131 b\u00f6lgemize kazand\u0131r\u0131yoruz. Mahallelerimizin ihtiya\u00e7lar\u0131n\u0131 g\u00f6zeten, \u00e7evreyle uyumlu ve uzun y\u0131llar hizmet edecek bir d\u00f6n\u00fc\u015f\u00fcm\u00fc ad\u0131m ad\u0131m ger\u00e7ekle\u015ftiriyoruz. Amac\u0131m\u0131z, Fethiye\u2019yi ve \u00d6l\u00fcdeniz\u2019i hem ya\u015fayanlar hem de ziyaret edenler i\u00e7in daha eri\u015filebilir, g\u00fcvenli ve \u00e7a\u011fda\u015f bir noktaya ta\u015f\u0131mak&#8221; dedi.<br \/><\/p>\n","protected":false},"excerpt":{"rendered":"<p>Mu\u011fla B\u00fcy\u00fck\u015fehir Belediyesi, Fethiye-\u00d6l\u00fcdeniz yolunda 328 milyon TL\u2019lik yat\u0131r\u0131mla y\u00fcr\u00fctt\u00fc\u011f\u00fc yol ve altyap\u0131 \u00e7al\u0131\u015fmalar\u0131 kapsam\u0131nda 4. Etap \u00d6l\u00fcdeniz-Kayak\u00f6y yolunda \u00e7al\u0131\u015fmalar\u0131n\u0131 tamamlad\u0131, 2. Etap Ovac\u0131k-\u015eehir i\u00e7i g\u00fczerg\u00e2h\u0131nda ise \u00e7al\u0131\u015fmalar devam ediyor. Mu\u011fla B\u00fcy\u00fck\u015fehir Belediyesi\u2019nin Fethiye-\u00d6l\u00fcdeniz b\u00f6lgesinde ba\u015flatt\u0131\u011f\u0131 yol, altyap\u0131 ve \u00e7evre d\u00fczenleme \u00e7al\u0131\u015fmalar\u0131, mahallelerde b\u00fcy\u00fck bir d\u00f6n\u00fc\u015f\u00fcmle devam ediyor. B\u00fcy\u00fck\u015fehir Belediyesi\u2019nin ger\u00e7ekle\u015ftirdi\u011fi yat\u0131r\u0131mlar hem ula\u015f\u0131m g\u00fcvenli\u011fini&#8230;<\/p>\n","protected":false},"author":1,"featured_media":77342,"comment_status":"open","ping_status":"open","sticky":false,"template":"","format":"standard","meta":{"_crdt_document":"","footnotes":""},"categories":[125],"tags":[],"class_list":["post-77341","post","type-post","status-publish","format-standard","has-post-thumbnail","hentry","category-ekonomi"],"_links":{"self":[{"href":"https:\/\/www.egemtv.com\/index.php?rest_route=\/wp\/v2\/posts\/77341","targetHints":{"allow":["GET"]}}],"collection":[{"href":"https:\/\/www.egemtv.com\/index.php?rest_route=\/wp\/v2\/posts"}],"about":[{"href":"https:\/\/www.egemtv.com\/index.php?rest_route=\/wp\/v2\/types\/post"}],"author":[{"embeddable":true,"href":"https:\/\/www.egemtv.com\/index.php?rest_route=\/wp\/v2\/users\/1"}],"replies":[{"embeddable":true,"href":"https:\/\/www.egemtv.com\/index.php?rest_route=%2Fwp%2Fv2%2Fcomments&post=77341"}],"version-history":[{"count":1,"href":"https:\/\/www.egemtv.com\/index.php?rest_route=\/wp\/v2\/posts\/77341\/revisions"}],"predecessor-version":[{"id":77343,"href":"https:\/\/www.egemtv.com\/index.php?rest_route=\/wp\/v2\/posts\/77341\/revisions\/77343"}],"wp:featuredmedia":[{"embeddable":true,"href":"https:\/\/www.egemtv.com\/index.php?rest_route=\/wp\/v2\/media\/77342"}],"wp:attachment":[{"href":"https:\/\/www.egemtv.com\/index.php?rest_route=%2Fwp%2Fv2%2Fmedia&parent=77341"}],"wp:term":[{"taxonomy":"category","embeddable":true,"href":"https:\/\/www.egemtv.com\/index.php?rest_route=%2Fwp%2Fv2%2Fcategories&post=77341"},{"taxonomy":"post_tag","embeddable":true,"href":"https:\/\/www.egemtv.com\/index.php?rest_route=%2Fwp%2Fv2%2Ftags&post=77341"}],"curies":[{"name":"wp","href":"https:\/\/api.w.org\/{rel}","templated":true}]}}