{"id":77338,"date":"2025-12-29T14:35:39","date_gmt":"2025-12-29T11:35:39","guid":{"rendered":"https:\/\/www.egemtv.com\/?p=77338"},"modified":"2025-12-29T14:35:39","modified_gmt":"2025-12-29T11:35:39","slug":"isparta32sporda-umit-bozkurt-donemi-basladi","status":"publish","type":"post","link":"https:\/\/www.egemtv.com\/?p=77338","title":{"rendered":"Isparta32spor\u2019da \u00dcmit Bozkurt d\u00f6nemi ba\u015flad\u0131"},"content":{"rendered":"<p>TFF 2. Lig K\u0131rm\u0131z\u0131 Grup\u2019ta m\u00fccadele eden Isparta32spor\u2019da teknik direkt\u00f6rl\u00fck g\u00f6revine \u00dcmit Bozkurt getirildi.<br \/>\n<br \/>Isparta32spor sezona teknik direkt\u00f6r B\u00fclent Akan y\u00f6netiminde ba\u015flam\u0131\u015f, al\u0131nan sonu\u00e7lar\u0131n ard\u0131ndan Akan ile yollar\u0131n\u0131 ay\u0131rm\u0131\u015ft\u0131. Y\u00f6netim, bu ayr\u0131l\u0131\u011f\u0131n ard\u0131ndan \u015eaban Y\u0131ld\u0131r\u0131m ile s\u00f6zle\u015fme imzalam\u0131\u015f ancak ilk yar\u0131n\u0131n bitimine iki hafta kala \u015eaban Y\u0131ld\u0131r\u0131m ile de vedala\u015fm\u0131\u015ft\u0131.<br \/>\n<br \/>Ara transfer d\u00f6neminde teknik direkt\u00f6r aray\u0131\u015flar\u0131n\u0131 s\u00fcrd\u00fcren Isparta ekibi, deneyimli teknik adam \u00dcmit Bozkurt ile anla\u015fmaya vard\u0131. Bozkurt, teknik direkt\u00f6rl\u00fck kariyerinde Etimesgut Belediyespor, Vanspor ve \u0130skenderunspor\u2019da g\u00f6rev yapt\u0131.<br \/>\n<br \/>Kul\u00fcp Ba\u015fkan\u0131 G\u00fcltekin \u00d6zdemir ve y\u00f6netim kurulu \u00fcyeleri, hedeften sapmad\u0131klar\u0131n\u0131 ve yola devam ettiklerini s\u00f6yledi.<br \/><\/p>\n","protected":false},"excerpt":{"rendered":"<p>TFF 2. Lig K\u0131rm\u0131z\u0131 Grup\u2019ta m\u00fccadele eden Isparta32spor\u2019da teknik direkt\u00f6rl\u00fck g\u00f6revine \u00dcmit Bozkurt getirildi. Isparta32spor sezona teknik direkt\u00f6r B\u00fclent Akan y\u00f6netiminde ba\u015flam\u0131\u015f, al\u0131nan sonu\u00e7lar\u0131n ard\u0131ndan Akan ile yollar\u0131n\u0131 ay\u0131rm\u0131\u015ft\u0131. Y\u00f6netim, bu ayr\u0131l\u0131\u011f\u0131n ard\u0131ndan \u015eaban Y\u0131ld\u0131r\u0131m ile s\u00f6zle\u015fme imzalam\u0131\u015f ancak ilk yar\u0131n\u0131n bitimine iki hafta kala \u015eaban Y\u0131ld\u0131r\u0131m ile de vedala\u015fm\u0131\u015ft\u0131. Ara transfer d\u00f6neminde teknik direkt\u00f6r&#8230;<\/p>\n","protected":false},"author":1,"featured_media":77339,"comment_status":"open","ping_status":"open","sticky":false,"template":"","format":"standard","meta":{"_crdt_document":"","footnotes":""},"categories":[4],"tags":[],"class_list":["post-77338","post","type-post","status-publish","format-standard","has-post-thumbnail","hentry","category-spor"],"_links":{"self":[{"href":"https:\/\/www.egemtv.com\/index.php?rest_route=\/wp\/v2\/posts\/77338","targetHints":{"allow":["GET"]}}],"collection":[{"href":"https:\/\/www.egemtv.com\/index.php?rest_route=\/wp\/v2\/posts"}],"about":[{"href":"https:\/\/www.egemtv.com\/index.php?rest_route=\/wp\/v2\/types\/post"}],"author":[{"embeddable":true,"href":"https:\/\/www.egemtv.com\/index.php?rest_route=\/wp\/v2\/users\/1"}],"replies":[{"embeddable":true,"href":"https:\/\/www.egemtv.com\/index.php?rest_route=%2Fwp%2Fv2%2Fcomments&post=77338"}],"version-history":[{"count":1,"href":"https:\/\/www.egemtv.com\/index.php?rest_route=\/wp\/v2\/posts\/77338\/revisions"}],"predecessor-version":[{"id":77340,"href":"https:\/\/www.egemtv.com\/index.php?rest_route=\/wp\/v2\/posts\/77338\/revisions\/77340"}],"wp:featuredmedia":[{"embeddable":true,"href":"https:\/\/www.egemtv.com\/index.php?rest_route=\/wp\/v2\/media\/77339"}],"wp:attachment":[{"href":"https:\/\/www.egemtv.com\/index.php?rest_route=%2Fwp%2Fv2%2Fmedia&parent=77338"}],"wp:term":[{"taxonomy":"category","embeddable":true,"href":"https:\/\/www.egemtv.com\/index.php?rest_route=%2Fwp%2Fv2%2Fcategories&post=77338"},{"taxonomy":"post_tag","embeddable":true,"href":"https:\/\/www.egemtv.com\/index.php?rest_route=%2Fwp%2Fv2%2Ftags&post=77338"}],"curies":[{"name":"wp","href":"https:\/\/api.w.org\/{rel}","templated":true}]}}