{"id":77335,"date":"2025-12-29T14:35:38","date_gmt":"2025-12-29T11:35:38","guid":{"rendered":"https:\/\/www.egemtv.com\/?p=77335"},"modified":"2025-12-29T14:35:39","modified_gmt":"2025-12-29T11:35:39","slug":"aydinda-polis-ekipleri-bir-haftada-40-binden-fazla-kisiyi-sorguladi","status":"publish","type":"post","link":"https:\/\/www.egemtv.com\/?p=77335","title":{"rendered":"Ayd\u0131n\u2019da polis ekipleri bir haftada 40 binden fazla ki\u015fiyi sorgulad\u0131"},"content":{"rendered":"<p>Ayd\u0131n \u0130l Emniyet M\u00fcd\u00fcrl\u00fc\u011f\u00fc, 22-28 Aral\u0131k 2025 tarihleri aras\u0131nda ger\u00e7ekle\u015ftirilen geni\u015f kapsaml\u0131 denetim ve kontroller kapsam\u0131nda 40 bin 995 \u015fahs\u0131 sorgulan\u0131rken, 11 ki\u015fi de tutukland\u0131.<\/p>\n<p>Ayd\u0131n \u0130l Emniyet M\u00fcd\u00fcrl\u00fc\u011f\u00fc vatanda\u015flar\u0131n huzur ve g\u00fcvenli\u011fi i\u00e7in \u00e7al\u0131\u015fmalar\u0131n\u0131 aral\u0131ks\u0131z s\u00fcrd\u00fcr\u00fcyor. Edinilen bilgiye g\u00f6re, emniyet ekipleri il genelinde 628,07 kilometrekarelik sorumluluk alan\u0131nda g\u00f6rev yapan 3 bin 905 personel ile y\u00fcr\u00fct\u00fclen \u00e7al\u0131\u015fmalarda, su\u00e7 ve su\u00e7luyla m\u00fccadelede \u00f6nemli ba\u015far\u0131lara imza at\u0131ld\u0131. Haftal\u0131k verilerde en dikkat \u00e7ekici rakamlar asayi\u015f olaylar\u0131nda g\u00f6r\u00fcld\u00fc. Ayd\u0131n genelinde meydana gelen 623 asayi\u015f olay\u0131n\u0131n 503\u2019\u00fc polis ekiplerinin titiz \u00e7al\u0131\u015fmas\u0131yla ayd\u0131nlat\u0131ld\u0131. Bu s\u00fcre\u00e7te 479 \u015f\u00fcpheli hakk\u0131nda i\u015flem yap\u0131l\u0131rken, 7 ki\u015fi \u00e7\u0131kar\u0131ld\u0131klar\u0131 mahkemece tutuklanarak cezaevine g\u00f6nderildi. Ka\u00e7ak\u00e7\u0131l\u0131kla m\u00fccadele kapsam\u0131nda ise 8 olayda 10 \u015f\u00fcpheli hakk\u0131nda yasal i\u015flem ba\u015flat\u0131ld\u0131. Zehir tacirlerine y\u00f6nelik \u00e7al\u0131\u015fmalar\u0131n\u0131 s\u00fcrd\u00fcren Narkotik ekipleri, bir hafta i\u00e7erisinde 56 olaya m\u00fcdahale etti. \u0130\u015flem yap\u0131lan 55 \u015f\u00fcpheliden 4\u2019\u00fc tutukland\u0131.<\/p>\n<p>\u0130l genelinde aranan \u015fah\u0131slar\u0131n yakalanmas\u0131na y\u00f6nelik \u00e7al\u0131\u015fmalarda ise 18 farkl\u0131 uygulama noktas\u0131nda g\u00f6rev alan 641 personelin kat\u0131l\u0131m\u0131yla ger\u00e7ekle\u015ftirilen denetimlerde 40 bin 995 \u015fah\u0131s sorguland\u0131. \u00c7e\u015fitli su\u00e7lardan aranan 123 ki\u015fi k\u0131sk\u0131vrak yakaland\u0131.<br \/><\/p>\n","protected":false},"excerpt":{"rendered":"<p>Ayd\u0131n \u0130l Emniyet M\u00fcd\u00fcrl\u00fc\u011f\u00fc, 22-28 Aral\u0131k 2025 tarihleri aras\u0131nda ger\u00e7ekle\u015ftirilen geni\u015f kapsaml\u0131 denetim ve kontroller kapsam\u0131nda 40 bin 995 \u015fahs\u0131 sorgulan\u0131rken, 11 ki\u015fi de tutukland\u0131. Ayd\u0131n \u0130l Emniyet M\u00fcd\u00fcrl\u00fc\u011f\u00fc vatanda\u015flar\u0131n huzur ve g\u00fcvenli\u011fi i\u00e7in \u00e7al\u0131\u015fmalar\u0131n\u0131 aral\u0131ks\u0131z s\u00fcrd\u00fcr\u00fcyor. Edinilen bilgiye g\u00f6re, emniyet ekipleri il genelinde 628,07 kilometrekarelik sorumluluk alan\u0131nda g\u00f6rev yapan 3 bin 905 personel ile&#8230;<\/p>\n","protected":false},"author":1,"featured_media":77336,"comment_status":"open","ping_status":"open","sticky":false,"template":"","format":"standard","meta":{"_crdt_document":"","footnotes":""},"categories":[5],"tags":[],"class_list":["post-77335","post","type-post","status-publish","format-standard","has-post-thumbnail","hentry","category-asayis"],"_links":{"self":[{"href":"https:\/\/www.egemtv.com\/index.php?rest_route=\/wp\/v2\/posts\/77335","targetHints":{"allow":["GET"]}}],"collection":[{"href":"https:\/\/www.egemtv.com\/index.php?rest_route=\/wp\/v2\/posts"}],"about":[{"href":"https:\/\/www.egemtv.com\/index.php?rest_route=\/wp\/v2\/types\/post"}],"author":[{"embeddable":true,"href":"https:\/\/www.egemtv.com\/index.php?rest_route=\/wp\/v2\/users\/1"}],"replies":[{"embeddable":true,"href":"https:\/\/www.egemtv.com\/index.php?rest_route=%2Fwp%2Fv2%2Fcomments&post=77335"}],"version-history":[{"count":1,"href":"https:\/\/www.egemtv.com\/index.php?rest_route=\/wp\/v2\/posts\/77335\/revisions"}],"predecessor-version":[{"id":77337,"href":"https:\/\/www.egemtv.com\/index.php?rest_route=\/wp\/v2\/posts\/77335\/revisions\/77337"}],"wp:featuredmedia":[{"embeddable":true,"href":"https:\/\/www.egemtv.com\/index.php?rest_route=\/wp\/v2\/media\/77336"}],"wp:attachment":[{"href":"https:\/\/www.egemtv.com\/index.php?rest_route=%2Fwp%2Fv2%2Fmedia&parent=77335"}],"wp:term":[{"taxonomy":"category","embeddable":true,"href":"https:\/\/www.egemtv.com\/index.php?rest_route=%2Fwp%2Fv2%2Fcategories&post=77335"},{"taxonomy":"post_tag","embeddable":true,"href":"https:\/\/www.egemtv.com\/index.php?rest_route=%2Fwp%2Fv2%2Ftags&post=77335"}],"curies":[{"name":"wp","href":"https:\/\/api.w.org\/{rel}","templated":true}]}}