{"id":77332,"date":"2025-12-29T14:15:03","date_gmt":"2025-12-29T11:15:03","guid":{"rendered":"https:\/\/www.egemtv.com\/?p=77332"},"modified":"2025-12-29T14:15:03","modified_gmt":"2025-12-29T11:15:03","slug":"izmirde-kamyon-ile-kamyonet-carpisti-1-yarali","status":"publish","type":"post","link":"https:\/\/www.egemtv.com\/?p=77332","title":{"rendered":"\u0130zmir\u2019de kamyon ile kamyonet \u00e7arp\u0131\u015ft\u0131: 1 yaral\u0131"},"content":{"rendered":"<p>\u0130zmir\u2019in \u00d6demi\u015f il\u00e7esinde kamyon ile kamyonetin \u00e7arp\u0131\u015fmas\u0131 sonucu meydana gelen trafik kazas\u0131nda 1 ki\u015fi yaraland\u0131.<br \/>\n<br \/>Kaza, saat 11.00 s\u0131ralar\u0131nda Beyda\u011f-Tire kara yolunda meydana geldi. Edinilen bilgiye g\u00f6re, Emircan \u00c7. (26) idaresindeki 35 KB 660 plakal\u0131 kamyon ile kar\u015f\u0131 istikametten gelmekte olan Takyeddin I. (51) y\u00f6netimindeki 35 ATA 702 plakal\u0131 kamyonet \u00e7arp\u0131\u015ft\u0131. Kazay\u0131 g\u00f6ren vatanda\u015flar\u0131n ihbar\u0131 \u00fczerine b\u00f6lgeye jandarma ve sa\u011fl\u0131k ekipleri sevk edildi. Olay yerine gelen sa\u011fl\u0131k ekiplerince ilk m\u00fcdahalesi yap\u0131lan yaral\u0131 kamyonet s\u00fcr\u00fcc\u00fcs\u00fc Takyeddin I., ambulansla \u00d6demi\u015f Devlet Hastanesine kald\u0131r\u0131larak tedavi alt\u0131na al\u0131n\u0131rken hayati tehlikesinin bulunmad\u0131\u011f\u0131 \u00f6\u011frenildi.<br \/>\n<br \/>Jandarma ekipleri kazayla ilgili inceleme ba\u015flatt\u0131.<br \/><\/p>\n","protected":false},"excerpt":{"rendered":"<p>\u0130zmir\u2019in \u00d6demi\u015f il\u00e7esinde kamyon ile kamyonetin \u00e7arp\u0131\u015fmas\u0131 sonucu meydana gelen trafik kazas\u0131nda 1 ki\u015fi yaraland\u0131. Kaza, saat 11.00 s\u0131ralar\u0131nda Beyda\u011f-Tire kara yolunda meydana geldi. Edinilen bilgiye g\u00f6re, Emircan \u00c7. (26) idaresindeki 35 KB 660 plakal\u0131 kamyon ile kar\u015f\u0131 istikametten gelmekte olan Takyeddin I. (51) y\u00f6netimindeki 35 ATA 702 plakal\u0131 kamyonet \u00e7arp\u0131\u015ft\u0131. Kazay\u0131 g\u00f6ren vatanda\u015flar\u0131n ihbar\u0131&#8230;<\/p>\n","protected":false},"author":1,"featured_media":77333,"comment_status":"open","ping_status":"open","sticky":false,"template":"","format":"standard","meta":{"_crdt_document":"","footnotes":""},"categories":[5],"tags":[],"class_list":["post-77332","post","type-post","status-publish","format-standard","has-post-thumbnail","hentry","category-asayis"],"_links":{"self":[{"href":"https:\/\/www.egemtv.com\/index.php?rest_route=\/wp\/v2\/posts\/77332","targetHints":{"allow":["GET"]}}],"collection":[{"href":"https:\/\/www.egemtv.com\/index.php?rest_route=\/wp\/v2\/posts"}],"about":[{"href":"https:\/\/www.egemtv.com\/index.php?rest_route=\/wp\/v2\/types\/post"}],"author":[{"embeddable":true,"href":"https:\/\/www.egemtv.com\/index.php?rest_route=\/wp\/v2\/users\/1"}],"replies":[{"embeddable":true,"href":"https:\/\/www.egemtv.com\/index.php?rest_route=%2Fwp%2Fv2%2Fcomments&post=77332"}],"version-history":[{"count":1,"href":"https:\/\/www.egemtv.com\/index.php?rest_route=\/wp\/v2\/posts\/77332\/revisions"}],"predecessor-version":[{"id":77334,"href":"https:\/\/www.egemtv.com\/index.php?rest_route=\/wp\/v2\/posts\/77332\/revisions\/77334"}],"wp:featuredmedia":[{"embeddable":true,"href":"https:\/\/www.egemtv.com\/index.php?rest_route=\/wp\/v2\/media\/77333"}],"wp:attachment":[{"href":"https:\/\/www.egemtv.com\/index.php?rest_route=%2Fwp%2Fv2%2Fmedia&parent=77332"}],"wp:term":[{"taxonomy":"category","embeddable":true,"href":"https:\/\/www.egemtv.com\/index.php?rest_route=%2Fwp%2Fv2%2Fcategories&post=77332"},{"taxonomy":"post_tag","embeddable":true,"href":"https:\/\/www.egemtv.com\/index.php?rest_route=%2Fwp%2Fv2%2Ftags&post=77332"}],"curies":[{"name":"wp","href":"https:\/\/api.w.org\/{rel}","templated":true}]}}