{"id":77329,"date":"2025-12-29T14:15:01","date_gmt":"2025-12-29T11:15:01","guid":{"rendered":"https:\/\/www.egemtv.com\/?p=77329"},"modified":"2025-12-29T14:15:02","modified_gmt":"2025-12-29T11:15:02","slug":"muglanin-iki-havalimani-11-ayda-9-milyon-844-bin-yolcuya-hizmet-verdi","status":"publish","type":"post","link":"https:\/\/www.egemtv.com\/?p=77329","title":{"rendered":"Mu\u011fla\u2019n\u0131n iki havaliman\u0131 11 ayda 9 milyon 844 bin yolcuya hizmet verdi"},"content":{"rendered":"<p>Devlet Hava Meydanlar\u0131 \u0130\u015fletmesinden yap\u0131lan a\u00e7\u0131klamada, Mu\u011fla\u2019n\u0131n iki uluslararas\u0131 havaliman\u0131 Dalaman ve Milas-Bodrum Havalimanlar\u0131 2025 y\u0131l\u0131n\u0131n 11 ayl\u0131k d\u00f6neminde 9 milyon 844 bin 293 yolcuya hizmet verdi.<br \/>\n<br \/>Dalaman ve Milas-Bodrum Havalimanlar\u0131 11 ayl\u0131k d\u00f6nemde hizmet verilen u\u00e7ak say\u0131s\u0131 89 bin 326 olurken, ta\u015f\u0131nan y\u00fck miktar\u0131 da 11 bin 661 ton olarak ger\u00e7ekle\u015fti.<br \/><\/p>\n","protected":false},"excerpt":{"rendered":"<p>Devlet Hava Meydanlar\u0131 \u0130\u015fletmesinden yap\u0131lan a\u00e7\u0131klamada, Mu\u011fla\u2019n\u0131n iki uluslararas\u0131 havaliman\u0131 Dalaman ve Milas-Bodrum Havalimanlar\u0131 2025 y\u0131l\u0131n\u0131n 11 ayl\u0131k d\u00f6neminde 9 milyon 844 bin 293 yolcuya hizmet verdi. Dalaman ve Milas-Bodrum Havalimanlar\u0131 11 ayl\u0131k d\u00f6nemde hizmet verilen u\u00e7ak say\u0131s\u0131 89 bin 326 olurken, ta\u015f\u0131nan y\u00fck miktar\u0131 da 11 bin 661 ton olarak ger\u00e7ekle\u015fti.<\/p>\n","protected":false},"author":1,"featured_media":77330,"comment_status":"open","ping_status":"open","sticky":false,"template":"","format":"standard","meta":{"_crdt_document":"","footnotes":""},"categories":[125],"tags":[],"class_list":["post-77329","post","type-post","status-publish","format-standard","has-post-thumbnail","hentry","category-ekonomi"],"_links":{"self":[{"href":"https:\/\/www.egemtv.com\/index.php?rest_route=\/wp\/v2\/posts\/77329","targetHints":{"allow":["GET"]}}],"collection":[{"href":"https:\/\/www.egemtv.com\/index.php?rest_route=\/wp\/v2\/posts"}],"about":[{"href":"https:\/\/www.egemtv.com\/index.php?rest_route=\/wp\/v2\/types\/post"}],"author":[{"embeddable":true,"href":"https:\/\/www.egemtv.com\/index.php?rest_route=\/wp\/v2\/users\/1"}],"replies":[{"embeddable":true,"href":"https:\/\/www.egemtv.com\/index.php?rest_route=%2Fwp%2Fv2%2Fcomments&post=77329"}],"version-history":[{"count":1,"href":"https:\/\/www.egemtv.com\/index.php?rest_route=\/wp\/v2\/posts\/77329\/revisions"}],"predecessor-version":[{"id":77331,"href":"https:\/\/www.egemtv.com\/index.php?rest_route=\/wp\/v2\/posts\/77329\/revisions\/77331"}],"wp:featuredmedia":[{"embeddable":true,"href":"https:\/\/www.egemtv.com\/index.php?rest_route=\/wp\/v2\/media\/77330"}],"wp:attachment":[{"href":"https:\/\/www.egemtv.com\/index.php?rest_route=%2Fwp%2Fv2%2Fmedia&parent=77329"}],"wp:term":[{"taxonomy":"category","embeddable":true,"href":"https:\/\/www.egemtv.com\/index.php?rest_route=%2Fwp%2Fv2%2Fcategories&post=77329"},{"taxonomy":"post_tag","embeddable":true,"href":"https:\/\/www.egemtv.com\/index.php?rest_route=%2Fwp%2Fv2%2Ftags&post=77329"}],"curies":[{"name":"wp","href":"https:\/\/api.w.org\/{rel}","templated":true}]}}