{"id":77326,"date":"2025-12-29T13:54:49","date_gmt":"2025-12-29T10:54:49","guid":{"rendered":"https:\/\/www.egemtv.com\/?p=77326"},"modified":"2025-12-29T13:54:50","modified_gmt":"2025-12-29T10:54:50","slug":"adulu-gencler-ilk-10-proje-arasina-girerek-finale-yukseldi","status":"publish","type":"post","link":"https:\/\/www.egemtv.com\/?p=77326","title":{"rendered":"AD\u00dc\u2019l\u00fc gen\u00e7ler, ilk 10 proje aras\u0131na girerek finale y\u00fckseldi"},"content":{"rendered":"<p>Ayd\u0131n Adnan Menderes \u00dcniversitesi (AD\u00dc) havac\u0131l\u0131k tak\u0131m\u0131 \u00fcyeleri, T\u00fcrk Havac\u0131l\u0131k ve Uzay Sanayii A.\u015e. (TUSA\u015e) taraf\u0131ndan d\u00fczenlenen yar\u0131\u015fmada geli\u015ftirdikleri yenilik\u00e7i projeyle ilk 10 aras\u0131na girerek finale y\u00fckseldi.<\/p>\n<p>Ayd\u0131n Adnan Menderes \u00dcniversitesi (AD\u00dc), havac\u0131l\u0131k ve uzay teknolojileri alan\u0131nda yeti\u015ftirdi\u011fi gen\u00e7 yeteneklerle \u00f6nemli bir ba\u015far\u0131ya daha imza att\u0131. AD\u00dc \u00e7at\u0131s\u0131 alt\u0131nda \u00e7al\u0131\u015fmalar\u0131n\u0131 s\u00fcrd\u00fcren PUSAY Havac\u0131l\u0131k Tak\u0131m\u0131 \u00fcyeleri Tunahan Acar, Burak Ko\u00e7er, Burak Narin ve Adem At\u0131c\u0131o\u011flu, TUSA\u015e taraf\u0131ndan d\u00fczenlenen Ideathon Fikir Yar\u0131\u015fmas\u0131\u2019na Yelbora Tak\u0131m\u0131 ad\u0131yla kat\u0131larak ilk 10\u2019a girmeyi ba\u015fard\u0131. Finale kalma ba\u015far\u0131s\u0131 g\u00f6steren AD\u00dc\u2019l\u00fc \u00f6\u011frenciler, \u00fcniversitelerini ulusal \u00f6l\u00e7ekte ba\u015far\u0131yla temsil etti.<\/p>\n<p>Finale kalan tak\u0131m \u00fcyelerini tebrik ederek, gen\u00e7lerin akademik ve proje \u00e7al\u0131\u015fmalar\u0131nda ba\u015far\u0131lar\u0131n\u0131n artarak devam etmesini dileyen Ayd\u0131n Adnan Menderes \u00dcniversitesi\u2019nden yap\u0131lan a\u00e7\u0131klamada &#8220;\u00dcniversitemiz b\u00fcnyesinde faaliyet g\u00f6steren Pusay Havac\u0131l\u0131k Tak\u0131m\u0131 \u00fcyeleri Tunahan Acar, Burak Ko\u00e7er, Burak Narin ve Adem At\u0131c\u0131o\u011flu, T\u00fcrk Havac\u0131l\u0131k ve Uzay Sanayii A.\u015e (TUSA\u015e) taraf\u0131ndan d\u00fczenlenen Ideathon Fikir Yar\u0131\u015fmas\u0131\u2019na Yelbora Tak\u0131m\u0131 ad\u0131yla kat\u0131larak ilk 10 aras\u0131na girdi ve finale kalma ba\u015far\u0131s\u0131 g\u00f6sterdi. \u00d6\u011frencilerimiz, yar\u0131\u015fma kapsam\u0131nda ortaya koyduklar\u0131 \u00f6zg\u00fcn ve yenilik\u00e7i fikirler ile dikkat \u00e7ekerek, \u00fcniversitemizin bilimsel, teknolojik ve yenilik\u00e7i \u00fcretim vizyonunu ba\u015far\u0131yla temsil etti. Tak\u0131m \u00fcyelerini elde ettikleri bu \u00f6nemli ba\u015far\u0131dan dolay\u0131 tebrik ediyor, akademik ve proje \u00e7al\u0131\u015fmalar\u0131nda ba\u015far\u0131lar\u0131n\u0131n artarak devam etmesini diliyoruz&#8221; ifadeleri yer ald\u0131.<br \/><\/p>\n","protected":false},"excerpt":{"rendered":"<p>Ayd\u0131n Adnan Menderes \u00dcniversitesi (AD\u00dc) havac\u0131l\u0131k tak\u0131m\u0131 \u00fcyeleri, T\u00fcrk Havac\u0131l\u0131k ve Uzay Sanayii A.\u015e. (TUSA\u015e) taraf\u0131ndan d\u00fczenlenen yar\u0131\u015fmada geli\u015ftirdikleri yenilik\u00e7i projeyle ilk 10 aras\u0131na girerek finale y\u00fckseldi. Ayd\u0131n Adnan Menderes \u00dcniversitesi (AD\u00dc), havac\u0131l\u0131k ve uzay teknolojileri alan\u0131nda yeti\u015ftirdi\u011fi gen\u00e7 yeteneklerle \u00f6nemli bir ba\u015far\u0131ya daha imza att\u0131. AD\u00dc \u00e7at\u0131s\u0131 alt\u0131nda \u00e7al\u0131\u015fmalar\u0131n\u0131 s\u00fcrd\u00fcren PUSAY Havac\u0131l\u0131k Tak\u0131m\u0131 \u00fcyeleri&#8230;<\/p>\n","protected":false},"author":1,"featured_media":77327,"comment_status":"open","ping_status":"open","sticky":false,"template":"","format":"standard","meta":{"_crdt_document":"","footnotes":""},"categories":[124],"tags":[],"class_list":["post-77326","post","type-post","status-publish","format-standard","has-post-thumbnail","hentry","category-bilim"],"_links":{"self":[{"href":"https:\/\/www.egemtv.com\/index.php?rest_route=\/wp\/v2\/posts\/77326","targetHints":{"allow":["GET"]}}],"collection":[{"href":"https:\/\/www.egemtv.com\/index.php?rest_route=\/wp\/v2\/posts"}],"about":[{"href":"https:\/\/www.egemtv.com\/index.php?rest_route=\/wp\/v2\/types\/post"}],"author":[{"embeddable":true,"href":"https:\/\/www.egemtv.com\/index.php?rest_route=\/wp\/v2\/users\/1"}],"replies":[{"embeddable":true,"href":"https:\/\/www.egemtv.com\/index.php?rest_route=%2Fwp%2Fv2%2Fcomments&post=77326"}],"version-history":[{"count":1,"href":"https:\/\/www.egemtv.com\/index.php?rest_route=\/wp\/v2\/posts\/77326\/revisions"}],"predecessor-version":[{"id":77328,"href":"https:\/\/www.egemtv.com\/index.php?rest_route=\/wp\/v2\/posts\/77326\/revisions\/77328"}],"wp:featuredmedia":[{"embeddable":true,"href":"https:\/\/www.egemtv.com\/index.php?rest_route=\/wp\/v2\/media\/77327"}],"wp:attachment":[{"href":"https:\/\/www.egemtv.com\/index.php?rest_route=%2Fwp%2Fv2%2Fmedia&parent=77326"}],"wp:term":[{"taxonomy":"category","embeddable":true,"href":"https:\/\/www.egemtv.com\/index.php?rest_route=%2Fwp%2Fv2%2Fcategories&post=77326"},{"taxonomy":"post_tag","embeddable":true,"href":"https:\/\/www.egemtv.com\/index.php?rest_route=%2Fwp%2Fv2%2Ftags&post=77326"}],"curies":[{"name":"wp","href":"https:\/\/api.w.org\/{rel}","templated":true}]}}