{"id":77323,"date":"2025-12-29T13:34:41","date_gmt":"2025-12-29T10:34:41","guid":{"rendered":"https:\/\/www.egemtv.com\/?p=77323"},"modified":"2025-12-29T13:34:42","modified_gmt":"2025-12-29T10:34:42","slug":"mugla-buyuksehir-belediyesinin-yilbasi-etkinlikleri-iptal","status":"publish","type":"post","link":"https:\/\/www.egemtv.com\/?p=77323","title":{"rendered":"Mu\u011fla B\u00fcy\u00fck\u015fehir Belediyesi\u2019nin y\u0131lba\u015f\u0131 etkinlikleri iptal"},"content":{"rendered":"<p>Yalova\u2019da DEA\u015e\u2019l\u0131 ter\u00f6ristlerce d\u00fczenlenen hain sald\u0131r\u0131da 3 kahraman polisimizin \u015fehit d\u00fc\u015fmesinin ard\u0131ndan Mu\u011fla B\u00fcy\u00fck\u015fehir Belediyesi taraf\u0131ndan d\u00fczenlenen konser ve benzeri t\u00fcm y\u0131lba\u015f\u0131 etkinlikleri iptal edildi.<br \/>\n<br \/>Mu\u011fla B\u00fcy\u00fck\u015fehir Belediyesi\u2019nin sosyal medya hesaplar\u0131ndan yap\u0131lan payla\u015f\u0131mda, &#8220;Yalova\u2019da DEA\u015e ter\u00f6r \u00f6rg\u00fct\u00fcne y\u00f6nelik ger\u00e7ekle\u015ftirilen operasyonda \u015fehit olan kahramanlar\u0131m\u0131za Allah\u2019tan rahmet; kederli ailelerine, emniyet te\u015fkilat\u0131m\u0131za ve aziz milletimize ba\u015fsa\u011fl\u0131\u011f\u0131 diliyoruz. Ya\u015fanan bu ac\u0131 olay nedeniyle belediyemizin planlanan konser ve benzeri t\u00fcm etkinlikleri iptal edilmi\u015ftir. Milletimizin ba\u015f\u0131 sa\u011f olsun&#8221; denildi.<br \/><\/p>\n","protected":false},"excerpt":{"rendered":"<p>Yalova\u2019da DEA\u015e\u2019l\u0131 ter\u00f6ristlerce d\u00fczenlenen hain sald\u0131r\u0131da 3 kahraman polisimizin \u015fehit d\u00fc\u015fmesinin ard\u0131ndan Mu\u011fla B\u00fcy\u00fck\u015fehir Belediyesi taraf\u0131ndan d\u00fczenlenen konser ve benzeri t\u00fcm y\u0131lba\u015f\u0131 etkinlikleri iptal edildi. Mu\u011fla B\u00fcy\u00fck\u015fehir Belediyesi\u2019nin sosyal medya hesaplar\u0131ndan yap\u0131lan payla\u015f\u0131mda, &#8220;Yalova\u2019da DEA\u015e ter\u00f6r \u00f6rg\u00fct\u00fcne y\u00f6nelik ger\u00e7ekle\u015ftirilen operasyonda \u015fehit olan kahramanlar\u0131m\u0131za Allah\u2019tan rahmet; kederli ailelerine, emniyet te\u015fkilat\u0131m\u0131za ve aziz milletimize ba\u015fsa\u011fl\u0131\u011f\u0131 diliyoruz. Ya\u015fanan&#8230;<\/p>\n","protected":false},"author":1,"featured_media":77324,"comment_status":"open","ping_status":"open","sticky":false,"template":"","format":"standard","meta":{"_crdt_document":"","footnotes":""},"categories":[1],"tags":[],"class_list":["post-77323","post","type-post","status-publish","format-standard","has-post-thumbnail","hentry","category-guncel"],"_links":{"self":[{"href":"https:\/\/www.egemtv.com\/index.php?rest_route=\/wp\/v2\/posts\/77323","targetHints":{"allow":["GET"]}}],"collection":[{"href":"https:\/\/www.egemtv.com\/index.php?rest_route=\/wp\/v2\/posts"}],"about":[{"href":"https:\/\/www.egemtv.com\/index.php?rest_route=\/wp\/v2\/types\/post"}],"author":[{"embeddable":true,"href":"https:\/\/www.egemtv.com\/index.php?rest_route=\/wp\/v2\/users\/1"}],"replies":[{"embeddable":true,"href":"https:\/\/www.egemtv.com\/index.php?rest_route=%2Fwp%2Fv2%2Fcomments&post=77323"}],"version-history":[{"count":1,"href":"https:\/\/www.egemtv.com\/index.php?rest_route=\/wp\/v2\/posts\/77323\/revisions"}],"predecessor-version":[{"id":77325,"href":"https:\/\/www.egemtv.com\/index.php?rest_route=\/wp\/v2\/posts\/77323\/revisions\/77325"}],"wp:featuredmedia":[{"embeddable":true,"href":"https:\/\/www.egemtv.com\/index.php?rest_route=\/wp\/v2\/media\/77324"}],"wp:attachment":[{"href":"https:\/\/www.egemtv.com\/index.php?rest_route=%2Fwp%2Fv2%2Fmedia&parent=77323"}],"wp:term":[{"taxonomy":"category","embeddable":true,"href":"https:\/\/www.egemtv.com\/index.php?rest_route=%2Fwp%2Fv2%2Fcategories&post=77323"},{"taxonomy":"post_tag","embeddable":true,"href":"https:\/\/www.egemtv.com\/index.php?rest_route=%2Fwp%2Fv2%2Ftags&post=77323"}],"curies":[{"name":"wp","href":"https:\/\/api.w.org\/{rel}","templated":true}]}}