{"id":77320,"date":"2025-12-29T13:34:41","date_gmt":"2025-12-29T10:34:41","guid":{"rendered":"https:\/\/www.egemtv.com\/?p=77320"},"modified":"2025-12-29T13:34:41","modified_gmt":"2025-12-29T10:34:41","slug":"ispartada-uyusturucu-operasyonu-3","status":"publish","type":"post","link":"https:\/\/www.egemtv.com\/?p=77320","title":{"rendered":"Isparta\u2019da uyu\u015fturucu operasyonu"},"content":{"rendered":"<p>Isparta\u2019da polis ekiplerince ger\u00e7ekle\u015ftirilen \u00e7al\u0131\u015fmalarda 26 ayr\u0131 yakalama yap\u0131l\u0131rken, \u00e7ok say\u0131da uyu\u015fturucu madde ele ge\u00e7irildi. Ayr\u0131ca operasyonlarda 13 aranan \u015fah\u0131s yakalan\u0131rken, kesinle\u015fmi\u015f hapis cezas\u0131 bulunan 8 \u015fah\u0131s cezaevine g\u00f6nderildi.<br \/>\n<br \/>Isparta \u0130l Emniyet M\u00fcd\u00fcrl\u00fc\u011f\u00fc Narkotik Su\u00e7larla M\u00fccadele \u015eube M\u00fcd\u00fcrl\u00fc\u011f\u00fc ekiplerince uyu\u015fturucu maddeyle m\u00fccadeleye y\u00f6nelik son 1 haftada y\u00fcr\u00fct\u00fclen \u00e7al\u0131\u015fmalar kapsam\u0131nda toplam 26 ayr\u0131 yakalama yap\u0131ld\u0131. Operasyonlar neticesinde; 57,46 gram metamfetamin, 79,54 gram esrar, 35,07 gram likit esrar, 345 adet k\u00e2\u011f\u0131da emdirilmi\u015f sentetik kannabinoid, 24 adet sentetik ecza ile 2 hassas terazi ele ge\u00e7irildi. \u00c7al\u0131\u015fmalar kapsam\u0131nda 27 \u015f\u00fcpheli \u015fah\u0131s hakk\u0131nda &#8220;Uyu\u015fturucu veya Uyar\u0131c\u0131 Madde Kullanmak&#8221; su\u00e7undan adli i\u015flem yap\u0131ld\u0131. Yap\u0131lan operasyonlarda, &#8220;Uyu\u015fturucu veya Uyar\u0131c\u0131 Madde Ticareti&#8221; su\u00e7undan i\u015flem tesis edilen 10 \u015f\u00fcpheli \u015fah\u0131stan 2\u2019si hakk\u0131nda adli kontrol tedbiri uygulan\u0131rken, 2 \u015f\u00fcpheli \u015fah\u0131s tutuklanarak cezaevine g\u00f6nderildi. Ayr\u0131ca yap\u0131lan \u00e7al\u0131\u015fmalarda, 13 aranan \u015fah\u0131s yakalan\u0131rken, kesinle\u015fmi\u015f hapis cezas\u0131 bulunan 8 \u015fah\u0131s cezaevine teslim edildi<br \/><\/p>\n","protected":false},"excerpt":{"rendered":"<p>Isparta\u2019da polis ekiplerince ger\u00e7ekle\u015ftirilen \u00e7al\u0131\u015fmalarda 26 ayr\u0131 yakalama yap\u0131l\u0131rken, \u00e7ok say\u0131da uyu\u015fturucu madde ele ge\u00e7irildi. Ayr\u0131ca operasyonlarda 13 aranan \u015fah\u0131s yakalan\u0131rken, kesinle\u015fmi\u015f hapis cezas\u0131 bulunan 8 \u015fah\u0131s cezaevine g\u00f6nderildi. Isparta \u0130l Emniyet M\u00fcd\u00fcrl\u00fc\u011f\u00fc Narkotik Su\u00e7larla M\u00fccadele \u015eube M\u00fcd\u00fcrl\u00fc\u011f\u00fc ekiplerince uyu\u015fturucu maddeyle m\u00fccadeleye y\u00f6nelik son 1 haftada y\u00fcr\u00fct\u00fclen \u00e7al\u0131\u015fmalar kapsam\u0131nda toplam 26 ayr\u0131 yakalama yap\u0131ld\u0131. Operasyonlar&#8230;<\/p>\n","protected":false},"author":1,"featured_media":77321,"comment_status":"open","ping_status":"open","sticky":false,"template":"","format":"standard","meta":{"_crdt_document":"","footnotes":""},"categories":[5],"tags":[],"class_list":["post-77320","post","type-post","status-publish","format-standard","has-post-thumbnail","hentry","category-asayis"],"_links":{"self":[{"href":"https:\/\/www.egemtv.com\/index.php?rest_route=\/wp\/v2\/posts\/77320","targetHints":{"allow":["GET"]}}],"collection":[{"href":"https:\/\/www.egemtv.com\/index.php?rest_route=\/wp\/v2\/posts"}],"about":[{"href":"https:\/\/www.egemtv.com\/index.php?rest_route=\/wp\/v2\/types\/post"}],"author":[{"embeddable":true,"href":"https:\/\/www.egemtv.com\/index.php?rest_route=\/wp\/v2\/users\/1"}],"replies":[{"embeddable":true,"href":"https:\/\/www.egemtv.com\/index.php?rest_route=%2Fwp%2Fv2%2Fcomments&post=77320"}],"version-history":[{"count":1,"href":"https:\/\/www.egemtv.com\/index.php?rest_route=\/wp\/v2\/posts\/77320\/revisions"}],"predecessor-version":[{"id":77322,"href":"https:\/\/www.egemtv.com\/index.php?rest_route=\/wp\/v2\/posts\/77320\/revisions\/77322"}],"wp:featuredmedia":[{"embeddable":true,"href":"https:\/\/www.egemtv.com\/index.php?rest_route=\/wp\/v2\/media\/77321"}],"wp:attachment":[{"href":"https:\/\/www.egemtv.com\/index.php?rest_route=%2Fwp%2Fv2%2Fmedia&parent=77320"}],"wp:term":[{"taxonomy":"category","embeddable":true,"href":"https:\/\/www.egemtv.com\/index.php?rest_route=%2Fwp%2Fv2%2Fcategories&post=77320"},{"taxonomy":"post_tag","embeddable":true,"href":"https:\/\/www.egemtv.com\/index.php?rest_route=%2Fwp%2Fv2%2Ftags&post=77320"}],"curies":[{"name":"wp","href":"https:\/\/api.w.org\/{rel}","templated":true}]}}