{"id":77317,"date":"2025-12-29T13:15:10","date_gmt":"2025-12-29T10:15:10","guid":{"rendered":"https:\/\/www.egemtv.com\/?p=77317"},"modified":"2025-12-29T13:15:11","modified_gmt":"2025-12-29T10:15:11","slug":"bolge-idare-mahkemesinden-marmaris-belediyesine-bir-red-daha","status":"publish","type":"post","link":"https:\/\/www.egemtv.com\/?p=77317","title":{"rendered":"B\u00f6lge \u0130dare Mahkemesi\u2019nden Marmaris Belediyesi\u2019ne bir \u2018red\u2019 daha"},"content":{"rendered":"<p>Marmaris Belediyesi taraf\u0131ndan K\u0131z\u0131lb\u00fck Thermal Wellness Resort projesine y\u00f6nelik a\u00e7\u0131lan t\u00fcm davalar\u0131n K\u0131z\u0131lb\u00fck GYO lehine sonu\u00e7lanmas\u0131n\u0131n ard\u0131ndan Marmaris Belediyesi\u2019nin \u00fcst mahkemeye yapt\u0131\u011f\u0131 itirazlara da \u2018red\u2019 cevab\u0131 geldi.<br \/>\n<br \/>T\u00fcrkiye turizm sekt\u00f6r\u00fcn\u00fcn son y\u0131llardaki en b\u00fcy\u00fck ve en prestijli yat\u0131r\u0131mlar\u0131ndan biri olan K\u0131z\u0131lb\u00fck Thermal Wellness Resort projesine Marmaris Belediyesi taraf\u0131ndan kesilen t\u00fcm cezalar mahkemeden geri d\u00f6nerken, b\u00fct\u00e7edeki a\u00e7\u0131\u011f\u0131 KIz\u0131lb\u00fck GYO\u2019ya kesti\u011fi cezalarla kapatmaya \u00e7al\u0131\u015fan Marmaris Belediyesi\u2019nin tutumuna mahkeme reddetti. Marmaris Belediye Ba\u015fkan\u0131 Acar \u00dcnl\u00fc\u2019n\u00fcn belediyeye firmadan tahsil etmek istedi\u011fi 2 milyar 677 milyon 149 bin 516 TL\u2019lik paran\u0131n da hukuka ayk\u0131r\u0131 oldu\u011fu netle\u015fince belediyenin \u00fcst mahkemeye yapt\u0131\u011f\u0131 itiraza da \u2018red\u2019 cevab\u0131 geldi.<br \/>\n<br \/>Konuya ili\u015fkin Kamuyu Ayd\u0131nlatma Platformu\u2019nda yap\u0131lan a\u00e7\u0131klamada &#8220;\u015eirketimizin Mu\u011fla ili, Marmaris \u0130l\u00e7esinde ger\u00e7ekle\u015fti\u011fi otel ve devre m\u00fclk projesinde, 08\/01\/2024 tarihli 1. 2. etap yap\u0131 ruhsatlar\u0131n\u0131n Marmaris Belediyesi taraf\u0131ndan iptali i\u015flemine ili\u015fkin Mu\u011fla 2. \u0130dare Mahkemesinde a\u00e7t\u0131\u011f\u0131m\u0131z 2024\/1391 Esas Say\u0131l\u0131 davada Mahkeme, Belediyece yap\u0131lan i\u015flemin hukuka ayk\u0131r\u0131 oldu\u011fu gerek\u00e7esi ile \u015firketimiz lehine i\u015flemin y\u00fcr\u00fctmesinin durdurulmas\u0131 karar\u0131 vermi\u015f, bu karara Marmaris Belediyesi taraf\u0131ndan itiraz edilmi\u015fti.  \u0130tiraz\u0131 de\u011ferlendiren \u0130zmir B\u00f6lge \u0130dare Mahkemesi 3 \u0130dari Dairesi, 2025\/598 numaral\u0131 karar\u0131 ile, Belediyece yap\u0131lan itiraz\u0131n reddine karar vermi\u015ftir. Karar \u015firketimiz lehinde olup kamuoyuna sayg\u0131yla duyurulur&#8221; denildi.<br \/><\/p>\n","protected":false},"excerpt":{"rendered":"<p>Marmaris Belediyesi taraf\u0131ndan K\u0131z\u0131lb\u00fck Thermal Wellness Resort projesine y\u00f6nelik a\u00e7\u0131lan t\u00fcm davalar\u0131n K\u0131z\u0131lb\u00fck GYO lehine sonu\u00e7lanmas\u0131n\u0131n ard\u0131ndan Marmaris Belediyesi\u2019nin \u00fcst mahkemeye yapt\u0131\u011f\u0131 itirazlara da \u2018red\u2019 cevab\u0131 geldi. T\u00fcrkiye turizm sekt\u00f6r\u00fcn\u00fcn son y\u0131llardaki en b\u00fcy\u00fck ve en prestijli yat\u0131r\u0131mlar\u0131ndan biri olan K\u0131z\u0131lb\u00fck Thermal Wellness Resort projesine Marmaris Belediyesi taraf\u0131ndan kesilen t\u00fcm cezalar mahkemeden geri d\u00f6nerken, b\u00fct\u00e7edeki&#8230;<\/p>\n","protected":false},"author":1,"featured_media":77318,"comment_status":"open","ping_status":"open","sticky":false,"template":"","format":"standard","meta":{"_crdt_document":"","footnotes":""},"categories":[5],"tags":[],"class_list":["post-77317","post","type-post","status-publish","format-standard","has-post-thumbnail","hentry","category-asayis"],"_links":{"self":[{"href":"https:\/\/www.egemtv.com\/index.php?rest_route=\/wp\/v2\/posts\/77317","targetHints":{"allow":["GET"]}}],"collection":[{"href":"https:\/\/www.egemtv.com\/index.php?rest_route=\/wp\/v2\/posts"}],"about":[{"href":"https:\/\/www.egemtv.com\/index.php?rest_route=\/wp\/v2\/types\/post"}],"author":[{"embeddable":true,"href":"https:\/\/www.egemtv.com\/index.php?rest_route=\/wp\/v2\/users\/1"}],"replies":[{"embeddable":true,"href":"https:\/\/www.egemtv.com\/index.php?rest_route=%2Fwp%2Fv2%2Fcomments&post=77317"}],"version-history":[{"count":1,"href":"https:\/\/www.egemtv.com\/index.php?rest_route=\/wp\/v2\/posts\/77317\/revisions"}],"predecessor-version":[{"id":77319,"href":"https:\/\/www.egemtv.com\/index.php?rest_route=\/wp\/v2\/posts\/77317\/revisions\/77319"}],"wp:featuredmedia":[{"embeddable":true,"href":"https:\/\/www.egemtv.com\/index.php?rest_route=\/wp\/v2\/media\/77318"}],"wp:attachment":[{"href":"https:\/\/www.egemtv.com\/index.php?rest_route=%2Fwp%2Fv2%2Fmedia&parent=77317"}],"wp:term":[{"taxonomy":"category","embeddable":true,"href":"https:\/\/www.egemtv.com\/index.php?rest_route=%2Fwp%2Fv2%2Fcategories&post=77317"},{"taxonomy":"post_tag","embeddable":true,"href":"https:\/\/www.egemtv.com\/index.php?rest_route=%2Fwp%2Fv2%2Ftags&post=77317"}],"curies":[{"name":"wp","href":"https:\/\/api.w.org\/{rel}","templated":true}]}}