{"id":77314,"date":"2025-12-29T13:15:08","date_gmt":"2025-12-29T10:15:08","guid":{"rendered":"https:\/\/www.egemtv.com\/?p=77314"},"modified":"2025-12-29T13:15:10","modified_gmt":"2025-12-29T10:15:10","slug":"sehit-omer-tuncbilek-sehadetinin-yil-donumunde-dualarla-anildi","status":"publish","type":"post","link":"https:\/\/www.egemtv.com\/?p=77314","title":{"rendered":"\u015eehit \u00d6mer Tun\u00e7bilek \u015fehadetinin y\u0131l d\u00f6n\u00fcm\u00fcnde dualarla an\u0131ld\u0131"},"content":{"rendered":"<p>\u015eehit Piyade Uzman \u00c7avu\u015f \u00d6mer Tun\u00e7bilek, \u015fehadetinin y\u0131l d\u00f6n\u00fcm\u00fcnde memleketi Isparta\u2019n\u0131n E\u011firdir il\u00e7esine ba\u011fl\u0131 G\u00f6k\u00e7eh\u00f6y\u00fck k\u00f6y\u00fcnde d\u00fczenlenen programla an\u0131ld\u0131.<br \/>\n<br \/>\u015eehit Piyade Uzman \u00c7avu\u015f \u00d6mer Tun\u00e7bilek i\u00e7in \u015fehadetinin y\u0131l d\u00f6n\u00fcm\u00fcnde memleketi Isparta\u2019n\u0131n E\u011firdir il\u00e7esine ba\u011fl\u0131 G\u00f6k\u00e7eh\u00f6y\u00fck k\u00f6y\u00fcnde anma program\u0131 d\u00fczenlendi. \u015eehidin baba evinde, E\u011firdir Kaymakaml\u0131\u011f\u0131 Sosyal Yard\u0131mla\u015fma ve Dayan\u0131\u015fma Vakf\u0131 taraf\u0131ndan organize edilen Mevlid-i \u015eerif program\u0131 yo\u011fun kat\u0131l\u0131mla ger\u00e7ekle\u015ftirildi. Programda Kur\u2019an-\u0131 Kerim tilaveti okunurken, \u015eehit \u00d6mer Tun\u00e7bilek ve t\u00fcm \u015fehitler i\u00e7in dualar edildi.<\/p>\n<p>Anlaml\u0131 bir etkinlik<br \/>\n<br \/>\u00d6te yandan, \u015fehidin aziz hat\u0131ras\u0131n\u0131 ya\u015fatmak amac\u0131yla anlaml\u0131 bir etkinli\u011fe de imza at\u0131ld\u0131. Da\u011f, Komando Okulu ve E\u011fitim Merkezi Komutanl\u0131\u011f\u0131 taraf\u0131ndan 98\u2019inci D\u00f6nem Komando Temel E\u011fitimi kursiyerleri ile 33\u2019\u00fcnc\u00fc D\u00f6nem Misafir Asker\u00ee Personel (Libya, Mali ve Azerbaycan) Komando Temel E\u011fitimi kursiyerlerinin kat\u0131l\u0131m\u0131yla \u015eehit Piyade Uzman \u00c7avu\u015f \u00d6mer Tun\u00e7bilek D\u00f6nem Sonu Tatbikat\u0131 icra edildi. Yetkililer, vatan u\u011fruna can veren \u015fehitlerin emanetlerine sahip \u00e7\u0131kman\u0131n milli bir sorumluluk oldu\u011funu vurgulayarak, \u015eehit \u00d6mer Tun\u00e7bilek\u2019in isminin ya\u015fat\u0131lmaya devam edilece\u011fini ifade etti.<br \/>\n<br \/>Anma program\u0131na E\u011firdir Kaymakam\u0131 \u00d6mer \u00c7im\u015fit, Da\u011f Komando Okul Komutan\u0131 Tu\u011fgeneral Ahmet A\u015f\u0131k, Kurmay Ba\u015fkan\u0131 Piyade Albay Mesut Civelek, daire m\u00fcd\u00fcrleri, \u015fehit yak\u0131nlar\u0131 ve \u00e7ok say\u0131da vatanda\u015f kat\u0131ld\u0131.<br \/><\/p>\n","protected":false},"excerpt":{"rendered":"<p>\u015eehit Piyade Uzman \u00c7avu\u015f \u00d6mer Tun\u00e7bilek, \u015fehadetinin y\u0131l d\u00f6n\u00fcm\u00fcnde memleketi Isparta\u2019n\u0131n E\u011firdir il\u00e7esine ba\u011fl\u0131 G\u00f6k\u00e7eh\u00f6y\u00fck k\u00f6y\u00fcnde d\u00fczenlenen programla an\u0131ld\u0131. \u015eehit Piyade Uzman \u00c7avu\u015f \u00d6mer Tun\u00e7bilek i\u00e7in \u015fehadetinin y\u0131l d\u00f6n\u00fcm\u00fcnde memleketi Isparta\u2019n\u0131n E\u011firdir il\u00e7esine ba\u011fl\u0131 G\u00f6k\u00e7eh\u00f6y\u00fck k\u00f6y\u00fcnde anma program\u0131 d\u00fczenlendi. \u015eehidin baba evinde, E\u011firdir Kaymakaml\u0131\u011f\u0131 Sosyal Yard\u0131mla\u015fma ve Dayan\u0131\u015fma Vakf\u0131 taraf\u0131ndan organize edilen Mevlid-i \u015eerif program\u0131&#8230;<\/p>\n","protected":false},"author":1,"featured_media":77315,"comment_status":"open","ping_status":"open","sticky":false,"template":"","format":"standard","meta":{"_crdt_document":"","footnotes":""},"categories":[123],"tags":[],"class_list":["post-77314","post","type-post","status-publish","format-standard","has-post-thumbnail","hentry","category-gundem"],"_links":{"self":[{"href":"https:\/\/www.egemtv.com\/index.php?rest_route=\/wp\/v2\/posts\/77314","targetHints":{"allow":["GET"]}}],"collection":[{"href":"https:\/\/www.egemtv.com\/index.php?rest_route=\/wp\/v2\/posts"}],"about":[{"href":"https:\/\/www.egemtv.com\/index.php?rest_route=\/wp\/v2\/types\/post"}],"author":[{"embeddable":true,"href":"https:\/\/www.egemtv.com\/index.php?rest_route=\/wp\/v2\/users\/1"}],"replies":[{"embeddable":true,"href":"https:\/\/www.egemtv.com\/index.php?rest_route=%2Fwp%2Fv2%2Fcomments&post=77314"}],"version-history":[{"count":1,"href":"https:\/\/www.egemtv.com\/index.php?rest_route=\/wp\/v2\/posts\/77314\/revisions"}],"predecessor-version":[{"id":77316,"href":"https:\/\/www.egemtv.com\/index.php?rest_route=\/wp\/v2\/posts\/77314\/revisions\/77316"}],"wp:featuredmedia":[{"embeddable":true,"href":"https:\/\/www.egemtv.com\/index.php?rest_route=\/wp\/v2\/media\/77315"}],"wp:attachment":[{"href":"https:\/\/www.egemtv.com\/index.php?rest_route=%2Fwp%2Fv2%2Fmedia&parent=77314"}],"wp:term":[{"taxonomy":"category","embeddable":true,"href":"https:\/\/www.egemtv.com\/index.php?rest_route=%2Fwp%2Fv2%2Fcategories&post=77314"},{"taxonomy":"post_tag","embeddable":true,"href":"https:\/\/www.egemtv.com\/index.php?rest_route=%2Fwp%2Fv2%2Ftags&post=77314"}],"curies":[{"name":"wp","href":"https:\/\/api.w.org\/{rel}","templated":true}]}}