{"id":77311,"date":"2025-12-29T13:15:07","date_gmt":"2025-12-29T10:15:07","guid":{"rendered":"https:\/\/www.egemtv.com\/?p=77311"},"modified":"2025-12-29T13:15:07","modified_gmt":"2025-12-29T10:15:07","slug":"yunusemre-belediyespor-erkek-judo-takimi-super-lige-yukseldi","status":"publish","type":"post","link":"https:\/\/www.egemtv.com\/?p=77311","title":{"rendered":"Yunusemre Belediyespor erkek judo tak\u0131m\u0131 S\u00fcper Lig\u2019e y\u00fckseldi"},"content":{"rendered":"<p>Ankara\u2019da d\u00fczenlenen S\u00fcper Lig\u2019e Y\u00fckselme M\u00fcsabakalar\u0131nda finale kadar y\u00fckselen Yunusemre Belediyespor Erkek Judo Tak\u0131m\u0131, turnuvay\u0131 ikinci s\u0131rada tamamlayarak S\u00fcper Lig\u2019e y\u00fckselme ba\u015far\u0131s\u0131 g\u00f6sterdi.<br \/>\n<br \/>Yunusemre Belediyespor Erkek Judo Tak\u0131m\u0131, Ankara\u2019da ger\u00e7ekle\u015ftirilen S\u00fcper Lig\u2019e Y\u00fckselme M\u00fcsabakalar\u0131nda ortaya koydu\u011fu ba\u015far\u0131l\u0131 performansla ad\u0131n\u0131 S\u00fcper Lig\u2019e yazd\u0131rd\u0131. K\u0131rm\u0131z\u0131-beyazl\u0131 ekip, turnuvay\u0131 ikinci s\u0131rada tamamlayarak Manisa\u2019ya kupa ve madalyayla d\u00f6nd\u00fc. Turnuvaya etkili bir ba\u015flang\u0131\u00e7 yapan Yunusemre Belediyespor, ilk turda Tekirda\u011f Hayrabolu Belediyespor\u2019u 4-1 ma\u011flup etti. \u00c7eyrek finalde Karaman \u0130l \u00d6zel \u0130darespor kar\u015f\u0131s\u0131nda 5-0\u2019l\u0131k net bir galibiyet alan ekip, yar\u0131 finalde ise Bilecik GS\u0130M Spor Kul\u00fcb\u00fc\u2019n\u00fc yine 5-0 yenerek finale y\u00fckseldi. Final m\u00fcsabakas\u0131nda Sakarya \u00c7ayba\u015f\u0131 Spor Kul\u00fcb\u00fc\u2019ne ma\u011flup olan Yunusemre Belediyespor, organizasyonu ikinci s\u0131rada tamamlad\u0131.<br \/>\n<br \/>Yunusemre Belediyespor Kul\u00fcp Ba\u015fkan\u0131 B\u00fclent Kanik, elde edilen ba\u015far\u0131dan duydu\u011fu memnuniyeti dile getirerek, &#8220;Sporcular\u0131m\u0131z ve antren\u00f6rlerimiz, mindere y\u00fcreklerini koyarak Manisa\u2019y\u0131 en iyi \u015fekilde temsil etti. S\u00fcper Lig\u2019e y\u00fckselmek kul\u00fcb\u00fcm\u00fcz ad\u0131na \u00e7ok \u00f6nemli bir ad\u0131md\u0131r. Say\u0131n Belediye Ba\u015fkan\u0131m\u0131z Semih Balaban\u2019\u0131n spora ve sporcuya verdi\u011fi destek, bu ba\u015far\u0131lar\u0131n en \u00f6nemli yap\u0131 ta\u015flar\u0131ndan biridir. Kendilerine kul\u00fcb\u00fcm\u00fcz ve sporcular\u0131m\u0131z ad\u0131na te\u015fekk\u00fcr ediyorum&#8221; dedi.<br \/>\n<br \/>Yunusemre Belediyespor Erkek Judo Tak\u0131m\u0131, elde etti\u011fi bu sonu\u00e7la \u00f6n\u00fcm\u00fczdeki sezon T\u00fcrkiye Judo S\u00fcper Ligi\u2019nde m\u00fccadele etmeye hak kazand\u0131. S\u00fcper Lig\u2019e y\u00fckselen Yunusemre Belediyespor Erkek Judo Tak\u0131m\u0131 kadrosu \u015fu isimlerden olu\u015ftu: 66 kg Mustafa Efe Barak, 73 kg Emin Levent Yelkenci, 81 kg Salih Kuzu, 90 kg Enes P\u0131nar, +90 kg Abd\u00fclkadir Af\u015fin.<br \/><\/p>\n","protected":false},"excerpt":{"rendered":"<p>Ankara\u2019da d\u00fczenlenen S\u00fcper Lig\u2019e Y\u00fckselme M\u00fcsabakalar\u0131nda finale kadar y\u00fckselen Yunusemre Belediyespor Erkek Judo Tak\u0131m\u0131, turnuvay\u0131 ikinci s\u0131rada tamamlayarak S\u00fcper Lig\u2019e y\u00fckselme ba\u015far\u0131s\u0131 g\u00f6sterdi. Yunusemre Belediyespor Erkek Judo Tak\u0131m\u0131, Ankara\u2019da ger\u00e7ekle\u015ftirilen S\u00fcper Lig\u2019e Y\u00fckselme M\u00fcsabakalar\u0131nda ortaya koydu\u011fu ba\u015far\u0131l\u0131 performansla ad\u0131n\u0131 S\u00fcper Lig\u2019e yazd\u0131rd\u0131. K\u0131rm\u0131z\u0131-beyazl\u0131 ekip, turnuvay\u0131 ikinci s\u0131rada tamamlayarak Manisa\u2019ya kupa ve madalyayla d\u00f6nd\u00fc. Turnuvaya etkili&#8230;<\/p>\n","protected":false},"author":1,"featured_media":77312,"comment_status":"open","ping_status":"open","sticky":false,"template":"","format":"standard","meta":{"_crdt_document":"","footnotes":""},"categories":[4],"tags":[],"class_list":["post-77311","post","type-post","status-publish","format-standard","has-post-thumbnail","hentry","category-spor"],"_links":{"self":[{"href":"https:\/\/www.egemtv.com\/index.php?rest_route=\/wp\/v2\/posts\/77311","targetHints":{"allow":["GET"]}}],"collection":[{"href":"https:\/\/www.egemtv.com\/index.php?rest_route=\/wp\/v2\/posts"}],"about":[{"href":"https:\/\/www.egemtv.com\/index.php?rest_route=\/wp\/v2\/types\/post"}],"author":[{"embeddable":true,"href":"https:\/\/www.egemtv.com\/index.php?rest_route=\/wp\/v2\/users\/1"}],"replies":[{"embeddable":true,"href":"https:\/\/www.egemtv.com\/index.php?rest_route=%2Fwp%2Fv2%2Fcomments&post=77311"}],"version-history":[{"count":1,"href":"https:\/\/www.egemtv.com\/index.php?rest_route=\/wp\/v2\/posts\/77311\/revisions"}],"predecessor-version":[{"id":77313,"href":"https:\/\/www.egemtv.com\/index.php?rest_route=\/wp\/v2\/posts\/77311\/revisions\/77313"}],"wp:featuredmedia":[{"embeddable":true,"href":"https:\/\/www.egemtv.com\/index.php?rest_route=\/wp\/v2\/media\/77312"}],"wp:attachment":[{"href":"https:\/\/www.egemtv.com\/index.php?rest_route=%2Fwp%2Fv2%2Fmedia&parent=77311"}],"wp:term":[{"taxonomy":"category","embeddable":true,"href":"https:\/\/www.egemtv.com\/index.php?rest_route=%2Fwp%2Fv2%2Fcategories&post=77311"},{"taxonomy":"post_tag","embeddable":true,"href":"https:\/\/www.egemtv.com\/index.php?rest_route=%2Fwp%2Fv2%2Ftags&post=77311"}],"curies":[{"name":"wp","href":"https:\/\/api.w.org\/{rel}","templated":true}]}}