{"id":77308,"date":"2025-12-29T12:34:48","date_gmt":"2025-12-29T09:34:48","guid":{"rendered":"https:\/\/www.egemtv.com\/?p=77308"},"modified":"2025-12-29T12:34:49","modified_gmt":"2025-12-29T09:34:49","slug":"izmirde-tir-bariyerleri-asip-karsi-seride-gecti","status":"publish","type":"post","link":"https:\/\/www.egemtv.com\/?p=77308","title":{"rendered":"\u0130zmir\u2019de t\u0131r bariyerleri a\u015f\u0131p kar\u015f\u0131 \u015feride ge\u00e7ti"},"content":{"rendered":"<p>\u0130zmir\u2019in Buca il\u00e7esinde kontrolden \u00e7\u0131kan bir t\u0131r, bariyerleri ve orta ref\u00fcj\u00fc y\u0131karak kar\u015f\u0131 \u015feride ge\u00e7ti. \u015eans eseri ba\u015fka bir arac\u0131n kar\u0131\u015fmad\u0131\u011f\u0131 kaza an\u0131, bir otomobilin ara\u00e7 kameras\u0131nca anbean g\u00f6r\u00fcnt\u00fclendi.<br \/>\n<br \/>Kaza, saat 10.00 s\u0131ralar\u0131nda \u0130zmir \u00c7evre Yolu Buca Bat\u0131 giri\u015fi mevkiinde meydana geldi. Edinilen bilgiye g\u00f6re, E.D. idaresindeki 45 AHE 339 plakal\u0131 t\u0131r, kontrolden \u00e7\u0131karak \u00f6nce yol kenar\u0131ndaki demir bariyerlere ard\u0131ndan da orta ref\u00fcj\u00fc y\u0131karak kar\u015f\u0131 \u015feride ge\u00e7ti.<br \/>\n<br \/>Kazay\u0131 g\u00f6ren vatanda\u015flar\u0131n ihbar\u0131 \u00fczerine b\u00f6lgeye polis ve sa\u011fl\u0131k ekipleri sevk edildi. Olay yerine gelen sa\u011fl\u0131k ekiplerince yap\u0131lan kontrolde, s\u00fcr\u00fcc\u00fc E.D.\u2019nin kazay\u0131 hafif yaral\u0131 olarak atlatt\u0131\u011f\u0131 belirlendi. Dalg\u0131\u00e7, olay yerindeki ilk m\u00fcdahalesinin ard\u0131ndan ambulansla Buca Seyfi Demirsoy E\u011fitim ve Ara\u015ft\u0131rma Hastanesi\u2019ne kald\u0131r\u0131ld\u0131. \u00d6te yandan, t\u0131r\u0131n kaza yapt\u0131\u011f\u0131 anlar o s\u0131rada yoldan ge\u00e7en bir otomobilin ara\u00e7 kameras\u0131na yans\u0131d\u0131. G\u00f6r\u00fcnt\u00fclerde; t\u0131r\u0131n viraja h\u0131zl\u0131 girdi\u011fi, kontrol\u00fcn\u00fc kaybederek bariyerleri devirdi\u011fi ve kar\u015f\u0131 \u015feride savruldu\u011fu anlar yer ald\u0131.<br \/>\n<br \/>Kazayla ilgili inceleme ba\u015flat\u0131ld\u0131.<br \/><\/p>\n","protected":false},"excerpt":{"rendered":"<p>\u0130zmir\u2019in Buca il\u00e7esinde kontrolden \u00e7\u0131kan bir t\u0131r, bariyerleri ve orta ref\u00fcj\u00fc y\u0131karak kar\u015f\u0131 \u015feride ge\u00e7ti. \u015eans eseri ba\u015fka bir arac\u0131n kar\u0131\u015fmad\u0131\u011f\u0131 kaza an\u0131, bir otomobilin ara\u00e7 kameras\u0131nca anbean g\u00f6r\u00fcnt\u00fclendi. Kaza, saat 10.00 s\u0131ralar\u0131nda \u0130zmir \u00c7evre Yolu Buca Bat\u0131 giri\u015fi mevkiinde meydana geldi. Edinilen bilgiye g\u00f6re, E.D. idaresindeki 45 AHE 339 plakal\u0131 t\u0131r, kontrolden \u00e7\u0131karak \u00f6nce&#8230;<\/p>\n","protected":false},"author":1,"featured_media":77309,"comment_status":"open","ping_status":"open","sticky":false,"template":"","format":"standard","meta":{"_crdt_document":"","footnotes":""},"categories":[5],"tags":[],"class_list":["post-77308","post","type-post","status-publish","format-standard","has-post-thumbnail","hentry","category-asayis"],"_links":{"self":[{"href":"https:\/\/www.egemtv.com\/index.php?rest_route=\/wp\/v2\/posts\/77308","targetHints":{"allow":["GET"]}}],"collection":[{"href":"https:\/\/www.egemtv.com\/index.php?rest_route=\/wp\/v2\/posts"}],"about":[{"href":"https:\/\/www.egemtv.com\/index.php?rest_route=\/wp\/v2\/types\/post"}],"author":[{"embeddable":true,"href":"https:\/\/www.egemtv.com\/index.php?rest_route=\/wp\/v2\/users\/1"}],"replies":[{"embeddable":true,"href":"https:\/\/www.egemtv.com\/index.php?rest_route=%2Fwp%2Fv2%2Fcomments&post=77308"}],"version-history":[{"count":1,"href":"https:\/\/www.egemtv.com\/index.php?rest_route=\/wp\/v2\/posts\/77308\/revisions"}],"predecessor-version":[{"id":77310,"href":"https:\/\/www.egemtv.com\/index.php?rest_route=\/wp\/v2\/posts\/77308\/revisions\/77310"}],"wp:featuredmedia":[{"embeddable":true,"href":"https:\/\/www.egemtv.com\/index.php?rest_route=\/wp\/v2\/media\/77309"}],"wp:attachment":[{"href":"https:\/\/www.egemtv.com\/index.php?rest_route=%2Fwp%2Fv2%2Fmedia&parent=77308"}],"wp:term":[{"taxonomy":"category","embeddable":true,"href":"https:\/\/www.egemtv.com\/index.php?rest_route=%2Fwp%2Fv2%2Fcategories&post=77308"},{"taxonomy":"post_tag","embeddable":true,"href":"https:\/\/www.egemtv.com\/index.php?rest_route=%2Fwp%2Fv2%2Ftags&post=77308"}],"curies":[{"name":"wp","href":"https:\/\/api.w.org\/{rel}","templated":true}]}}