{"id":77305,"date":"2025-12-29T12:34:47","date_gmt":"2025-12-29T09:34:47","guid":{"rendered":"https:\/\/www.egemtv.com\/?p=77305"},"modified":"2025-12-29T12:34:48","modified_gmt":"2025-12-29T09:34:48","slug":"baskan-gencay-mezarliklar-duzenli-ve-eksiksiz-bir-sekilde-devredildi","status":"publish","type":"post","link":"https:\/\/www.egemtv.com\/?p=77305","title":{"rendered":"Ba\u015fkan Gen\u00e7ay: &#8220;Mezarl\u0131klar d\u00fczenli ve eksiksiz bir \u015fekilde devredildi&#8221;"},"content":{"rendered":"<p>Yasa ve meclis karar\u0131 gere\u011fi mezarl\u0131klar\u0131n, Ayd\u0131n B\u00fcy\u00fck\u015fehir Belediyesi\u2019ne devredilmesinin ard\u0131ndan Didim Belediye Ba\u015fkan\u0131 Hatice Gen\u00e7ay, kamuoyunu bilgilendirmek amac\u0131yla bas\u0131n a\u00e7\u0131klamas\u0131 ger\u00e7ekle\u015ftirdi.<\/p>\n<p>Didim Asri Mezarl\u0131\u011f\u0131\u2019nda yap\u0131lan bas\u0131n a\u00e7\u0131klamas\u0131na Didim Belediye Ba\u015fkan\u0131 Hatice Gen\u00e7ay\u2019\u0131n yan\u0131 s\u0131ra belediye birim amirleri ve mahalle muhtarlar\u0131 kat\u0131ld\u0131. A\u00e7\u0131klamas\u0131nda defin hizmetlerine ili\u015fkin hassasiyetlerini vurgulayan Ba\u015fkan Hatice Gen\u00e7ay, Didim Belediyesi olarak sorumluluklar\u0131n\u0131n bilincinde olduklar\u0131n\u0131 belirterek, &#8220;Bu tarihten sonra da defin hizmetleri konusunda \u00fczerimize d\u00fc\u015fen bir g\u00f6rev oldu\u011funda yapmaya devam edece\u011fiz. Halk\u0131m\u0131z\u0131 bu konuda asla yaln\u0131z b\u0131rakmayaca\u011f\u0131z. Bug\u00fcne kadar en ac\u0131l\u0131 g\u00fcnlerinde Didim halk\u0131n\u0131n yan\u0131nda olan, bu s\u00fcreci bir i\u015f olarak de\u011fil, bir dayan\u0131\u015fma olarak g\u00f6ren t\u00fcm \u00e7al\u0131\u015fma arkada\u015flar\u0131ma te\u015fekk\u00fcr ediyorum. Bug\u00fcn bu s\u00fcreci \u015feffaf \u015fekilde kamuoyuyla payla\u015fmak i\u00e7in bir araya geldik&#8221; dedi.<\/p>\n<p>&#8220;Ac\u0131lar \u00fczerinden siyasi malzeme \u00fcretilmesine izin vermeyece\u011fiz&#8221;<br \/>\n<br \/>Mezarl\u0131klar\u0131n devri s\u00fcrecinin a\u00e7\u0131k ve d\u00fczenli bir \u015fekilde y\u00fcr\u00fct\u00fcld\u00fc\u011f\u00fcn\u00fc ifade eden Ba\u015fkan Hatice Gen\u00e7ay, halk\u0131n duygular\u0131n\u0131n istismar edilmesine kar\u015f\u0131 olduklar\u0131n\u0131 vurgulayarak, &#8220;\u0130nsanlar\u0131n ac\u0131lar\u0131 \u00fczerinden siyasi malzeme yapmaya \u00e7al\u0131\u015fan anlay\u0131\u015flara kar\u015f\u0131 bu s\u00fcreci bas\u0131n\u0131m\u0131zla birlikte \u015feffaf \u015fekilde y\u00fcr\u00fct\u00fcyoruz. Devir i\u015flemlerinin nas\u0131l yap\u0131ld\u0131\u011f\u0131n\u0131 herkesin g\u00f6rmesini istedik. B\u00f6ylece kamuoyunun yanl\u0131\u015f y\u00f6nlendirilmesinin de \u00f6n\u00fcne ge\u00e7mi\u015f oluyoruz&#8221; diye konu\u015ftu.<\/p>\n<p>A\u00e7\u0131klamas\u0131na muhtarlar\u0131n da davet edildi\u011fini belirten Ba\u015fkan Hatice Gen\u00e7ay yerel y\u00f6netimde ortak akla \u00f6nem verdiklerini ifade ederek, &#8220;Muhtarlar\u0131m\u0131zla birlikte bu s\u00fcrecin her a\u015famas\u0131nda beraber \u00e7al\u0131\u015ft\u0131k. Ac\u0131lar \u00fczerinden siyaset yap\u0131lmas\u0131n\u0131 do\u011fru bulmuyoruz. Bu zor g\u00fcnlerde halk\u0131m\u0131z\u0131n yan\u0131nda olan t\u00fcm ekip arkada\u015flar\u0131ma \u00f6zverili \u00e7al\u0131\u015fmalar\u0131ndan dolay\u0131 te\u015fekk\u00fcr ediyorum. Didim\u2019i muhtarlar\u0131m\u0131zla birlikte y\u00f6netmeye devam edece\u011fiz&#8221; dedi.<\/p>\n<p>Didim Belediyesi taraf\u0131ndan yap\u0131lan a\u00e7\u0131klamada mezarl\u0131\u011f\u0131n devir s\u00fcrecinin titizlikle y\u00fcr\u00fct\u00fcld\u00fc\u011f\u00fcn\u00fc belirtilerek, mezarl\u0131k alanlar\u0131n\u0131n her zaman oldu\u011fu gibi temizlendi\u011fini, parsel ve ada baz\u0131nda numaraland\u0131r\u0131ld\u0131\u011f\u0131n\u0131, t\u00fcm kay\u0131tlar\u0131n dosyalanarak dijital ortama aktar\u0131ld\u0131\u011f\u0131n\u0131 ve eksiksiz \u015fekilde teslim edildi\u011fini ifade edildi.<\/p>\n<p>Bas\u0131n a\u00e7\u0131klamas\u0131n\u0131n ard\u0131ndan Didim Belediye Ba\u015fkan\u0131 Hatice Gen\u00e7ay, bas\u0131n mensuplar\u0131n\u0131n sorular\u0131n\u0131 yan\u0131tlad\u0131.<br \/><\/p>\n","protected":false},"excerpt":{"rendered":"<p>Yasa ve meclis karar\u0131 gere\u011fi mezarl\u0131klar\u0131n, Ayd\u0131n B\u00fcy\u00fck\u015fehir Belediyesi\u2019ne devredilmesinin ard\u0131ndan Didim Belediye Ba\u015fkan\u0131 Hatice Gen\u00e7ay, kamuoyunu bilgilendirmek amac\u0131yla bas\u0131n a\u00e7\u0131klamas\u0131 ger\u00e7ekle\u015ftirdi. Didim Asri Mezarl\u0131\u011f\u0131\u2019nda yap\u0131lan bas\u0131n a\u00e7\u0131klamas\u0131na Didim Belediye Ba\u015fkan\u0131 Hatice Gen\u00e7ay\u2019\u0131n yan\u0131 s\u0131ra belediye birim amirleri ve mahalle muhtarlar\u0131 kat\u0131ld\u0131. A\u00e7\u0131klamas\u0131nda defin hizmetlerine ili\u015fkin hassasiyetlerini vurgulayan Ba\u015fkan Hatice Gen\u00e7ay, Didim Belediyesi olarak sorumluluklar\u0131n\u0131n&#8230;<\/p>\n","protected":false},"author":1,"featured_media":77306,"comment_status":"open","ping_status":"open","sticky":false,"template":"","format":"standard","meta":{"_crdt_document":"","footnotes":""},"categories":[1],"tags":[],"class_list":["post-77305","post","type-post","status-publish","format-standard","has-post-thumbnail","hentry","category-guncel"],"_links":{"self":[{"href":"https:\/\/www.egemtv.com\/index.php?rest_route=\/wp\/v2\/posts\/77305","targetHints":{"allow":["GET"]}}],"collection":[{"href":"https:\/\/www.egemtv.com\/index.php?rest_route=\/wp\/v2\/posts"}],"about":[{"href":"https:\/\/www.egemtv.com\/index.php?rest_route=\/wp\/v2\/types\/post"}],"author":[{"embeddable":true,"href":"https:\/\/www.egemtv.com\/index.php?rest_route=\/wp\/v2\/users\/1"}],"replies":[{"embeddable":true,"href":"https:\/\/www.egemtv.com\/index.php?rest_route=%2Fwp%2Fv2%2Fcomments&post=77305"}],"version-history":[{"count":1,"href":"https:\/\/www.egemtv.com\/index.php?rest_route=\/wp\/v2\/posts\/77305\/revisions"}],"predecessor-version":[{"id":77307,"href":"https:\/\/www.egemtv.com\/index.php?rest_route=\/wp\/v2\/posts\/77305\/revisions\/77307"}],"wp:featuredmedia":[{"embeddable":true,"href":"https:\/\/www.egemtv.com\/index.php?rest_route=\/wp\/v2\/media\/77306"}],"wp:attachment":[{"href":"https:\/\/www.egemtv.com\/index.php?rest_route=%2Fwp%2Fv2%2Fmedia&parent=77305"}],"wp:term":[{"taxonomy":"category","embeddable":true,"href":"https:\/\/www.egemtv.com\/index.php?rest_route=%2Fwp%2Fv2%2Fcategories&post=77305"},{"taxonomy":"post_tag","embeddable":true,"href":"https:\/\/www.egemtv.com\/index.php?rest_route=%2Fwp%2Fv2%2Ftags&post=77305"}],"curies":[{"name":"wp","href":"https:\/\/api.w.org\/{rel}","templated":true}]}}