{"id":77302,"date":"2025-12-29T12:34:46","date_gmt":"2025-12-29T09:34:46","guid":{"rendered":"https:\/\/www.egemtv.com\/?p=77302"},"modified":"2025-12-29T12:34:47","modified_gmt":"2025-12-29T09:34:47","slug":"sigindigi-aracta-yanarak-can-verdi","status":"publish","type":"post","link":"https:\/\/www.egemtv.com\/?p=77302","title":{"rendered":"S\u0131\u011f\u0131nd\u0131\u011f\u0131 ara\u00e7ta yanarak can verdi"},"content":{"rendered":"<p>Manisa\u2019n\u0131n Yunusemre il\u00e7esinde ara\u00e7 yang\u0131n\u0131na giden ekipler ara\u00e7 i\u00e7inde yanm\u0131\u015f bir erkek cesedi buldu. Evsiz oldu\u011fu \u00f6\u011frenilen \u015fahs\u0131n geceyi ge\u00e7irmek i\u00e7in kamyonete girdi\u011fi ve ara\u00e7ta \u00e7\u0131kan yang\u0131nda hayat\u0131n\u0131 kaybetti\u011fi tespit edildi.<br \/>\n<br \/>Olay, Yunusemre il\u00e7esi 75. Y\u0131l Mahallesi\u2019nde K\u00fc\u00e7\u00fck Sanayi Sitesi i\u00e7inde uzun s\u00fcredir kullan\u0131lmayan ve park halindeki a\u00e7\u0131k kasa kamyonetin i\u00e7inde saat 02.30 s\u0131ralar\u0131nda meydana geldi. Evsiz ve madde ba\u011f\u0131ml\u0131s\u0131 oldu\u011fu \u00f6\u011frenilen Konya do\u011fumlu Murat Kaymaz, geceleri ge\u00e7irdi\u011fi park halinde bulunan 45 HC 1313 plakal\u0131 a\u00e7\u0131k kasa kamyonetin i\u00e7ine girdi. Ara\u00e7 i\u00e7inde uyuyakalan Kaymaz, a\u00e7\u0131k kasa kamyonette \u00e7\u0131kan yang\u0131nda alevlere teslim oldu. Arac\u0131n yand\u0131\u011f\u0131n\u0131 g\u00f6renlerin ihbar\u0131 \u00fczerine olay yerine gelen itfaiye ekipleri ara\u00e7 yang\u0131n\u0131n\u0131 s\u00f6nd\u00fcrd\u00fckten sonra arac\u0131n i\u00e7inde bir erkek cesedi oldu\u011funu tespit etti. Olay yeri inceleme ekipleri ve incelenen kamera g\u00f6r\u00fcnt\u00fcleri sonras\u0131 yanm\u0131\u015f cesedin b\u00f6lgede gezinen ve g\u00fcnl\u00fck i\u015flerle ge\u00e7imini temin eden 51 ya\u015f\u0131ndaki Murat Kaymaz\u2019a ait oldu\u011fu tespit edildi.<br \/>\n<br \/>Olayla ilgili geni\u015f \u00e7apl\u0131 ba\u015flat\u0131lan soru\u015fturman\u0131n devam etti\u011fi \u00f6\u011frenildi.<br \/><\/p>\n","protected":false},"excerpt":{"rendered":"<p>Manisa\u2019n\u0131n Yunusemre il\u00e7esinde ara\u00e7 yang\u0131n\u0131na giden ekipler ara\u00e7 i\u00e7inde yanm\u0131\u015f bir erkek cesedi buldu. Evsiz oldu\u011fu \u00f6\u011frenilen \u015fahs\u0131n geceyi ge\u00e7irmek i\u00e7in kamyonete girdi\u011fi ve ara\u00e7ta \u00e7\u0131kan yang\u0131nda hayat\u0131n\u0131 kaybetti\u011fi tespit edildi. Olay, Yunusemre il\u00e7esi 75. Y\u0131l Mahallesi\u2019nde K\u00fc\u00e7\u00fck Sanayi Sitesi i\u00e7inde uzun s\u00fcredir kullan\u0131lmayan ve park halindeki a\u00e7\u0131k kasa kamyonetin i\u00e7inde saat 02.30 s\u0131ralar\u0131nda meydana&#8230;<\/p>\n","protected":false},"author":1,"featured_media":77303,"comment_status":"open","ping_status":"open","sticky":false,"template":"","format":"standard","meta":{"_crdt_document":"","footnotes":""},"categories":[5],"tags":[],"class_list":["post-77302","post","type-post","status-publish","format-standard","has-post-thumbnail","hentry","category-asayis"],"_links":{"self":[{"href":"https:\/\/www.egemtv.com\/index.php?rest_route=\/wp\/v2\/posts\/77302","targetHints":{"allow":["GET"]}}],"collection":[{"href":"https:\/\/www.egemtv.com\/index.php?rest_route=\/wp\/v2\/posts"}],"about":[{"href":"https:\/\/www.egemtv.com\/index.php?rest_route=\/wp\/v2\/types\/post"}],"author":[{"embeddable":true,"href":"https:\/\/www.egemtv.com\/index.php?rest_route=\/wp\/v2\/users\/1"}],"replies":[{"embeddable":true,"href":"https:\/\/www.egemtv.com\/index.php?rest_route=%2Fwp%2Fv2%2Fcomments&post=77302"}],"version-history":[{"count":1,"href":"https:\/\/www.egemtv.com\/index.php?rest_route=\/wp\/v2\/posts\/77302\/revisions"}],"predecessor-version":[{"id":77304,"href":"https:\/\/www.egemtv.com\/index.php?rest_route=\/wp\/v2\/posts\/77302\/revisions\/77304"}],"wp:featuredmedia":[{"embeddable":true,"href":"https:\/\/www.egemtv.com\/index.php?rest_route=\/wp\/v2\/media\/77303"}],"wp:attachment":[{"href":"https:\/\/www.egemtv.com\/index.php?rest_route=%2Fwp%2Fv2%2Fmedia&parent=77302"}],"wp:term":[{"taxonomy":"category","embeddable":true,"href":"https:\/\/www.egemtv.com\/index.php?rest_route=%2Fwp%2Fv2%2Fcategories&post=77302"},{"taxonomy":"post_tag","embeddable":true,"href":"https:\/\/www.egemtv.com\/index.php?rest_route=%2Fwp%2Fv2%2Ftags&post=77302"}],"curies":[{"name":"wp","href":"https:\/\/api.w.org\/{rel}","templated":true}]}}