{"id":77296,"date":"2025-12-29T12:14:59","date_gmt":"2025-12-29T09:14:59","guid":{"rendered":"https:\/\/www.egemtv.com\/?p=77296"},"modified":"2025-12-29T12:15:00","modified_gmt":"2025-12-29T09:15:00","slug":"somaspor-cafer-elek-ile-anlasti","status":"publish","type":"post","link":"https:\/\/www.egemtv.com\/?p=77296","title":{"rendered":"Somaspor Cafer Elek ile anla\u015ft\u0131"},"content":{"rendered":"<p>TFF Nesine 2. Lig K\u0131rm\u0131z\u0131 Grup ekiplerinden Somaspor Teknik Direkt\u00f6rl\u00fck g\u00f6revi i\u00e7in Cafer Elek ile anla\u015ft\u0131\u011f\u0131n\u0131 duyurdu.<br \/>\n<br \/>TFF Nesine 2. Lig K\u0131rm\u0131z\u0131 Grupta zor g\u00fcnler ya\u015fayan Manisa temsilcisi Somaspor ilk yar\u0131y\u0131 d\u00fc\u015fme hatt\u0131nda 16. s\u0131rada tamamlad\u0131. Ligin ilk devresinde 2 galibiyet 3 beraberlik ve 12 ma\u011flubiyet alan Somaspor 9 puan toplarken att\u0131\u011f\u0131 15 gole kar\u015f\u0131l\u0131k kalesinde 44 gol g\u00f6rd\u00fc. \u0130kinci yar\u0131 \u00f6ncesi Teknik direkt\u00f6rl\u00fck g\u00f6revine 39 ya\u015f\u0131ndaki Cafer Elek\u2019in getirildi\u011fi a\u00e7\u0131kland\u0131.<br \/>\n<br \/>Kariyerine futbolu b\u0131rakt\u0131ktan sonra 2020 y\u0131l\u0131nda Ceyhan Belediyespor\u2019da yard\u0131mc\u0131 antren\u00f6r olarak ba\u015flayan Elek, Samsunspor\u2019da scout ve \u015fef scout olarak devam etti. Adana 1954 FK\u2019da ve Etimesgut Belediyespor\u2019da Sportif Direkt\u00f6rl\u00fck g\u00f6revlerinde bulunan Elek, ilk teknik direkt\u00f6rl\u00fck g\u00f6revini de Etimesgut SK\u2019da 2024-2025 sezonunda ger\u00e7ekle\u015ftirdi. Etimesgut SK\u2019n\u0131n ba\u015f\u0131nda 27 ma\u00e7a \u00e7\u0131kan Elek daha sonra s\u0131ras\u0131yla Yozgat Belediyesi Bozok Spor ve Zonguldakspor FK\u2019y\u0131 \u00e7al\u0131\u015ft\u0131rd\u0131. 3. lig ekiplerinden Zonguldakspor FK ile 29 Ekim 2025 tarihinde yollar\u0131n\u0131 ay\u0131ran Elek\u2019in 29 Aral\u0131k 2025 tarihi itibariyle Somaspor ile anla\u015ft\u0131\u011f\u0131 \u00f6\u011frenildi.<br \/><\/p>\n","protected":false},"excerpt":{"rendered":"<p>TFF Nesine 2. Lig K\u0131rm\u0131z\u0131 Grup ekiplerinden Somaspor Teknik Direkt\u00f6rl\u00fck g\u00f6revi i\u00e7in Cafer Elek ile anla\u015ft\u0131\u011f\u0131n\u0131 duyurdu. TFF Nesine 2. Lig K\u0131rm\u0131z\u0131 Grupta zor g\u00fcnler ya\u015fayan Manisa temsilcisi Somaspor ilk yar\u0131y\u0131 d\u00fc\u015fme hatt\u0131nda 16. s\u0131rada tamamlad\u0131. Ligin ilk devresinde 2 galibiyet 3 beraberlik ve 12 ma\u011flubiyet alan Somaspor 9 puan toplarken att\u0131\u011f\u0131 15 gole kar\u015f\u0131l\u0131k&#8230;<\/p>\n","protected":false},"author":1,"featured_media":77297,"comment_status":"open","ping_status":"open","sticky":false,"template":"","format":"standard","meta":{"_crdt_document":"","footnotes":""},"categories":[4],"tags":[],"class_list":["post-77296","post","type-post","status-publish","format-standard","has-post-thumbnail","hentry","category-spor"],"_links":{"self":[{"href":"https:\/\/www.egemtv.com\/index.php?rest_route=\/wp\/v2\/posts\/77296","targetHints":{"allow":["GET"]}}],"collection":[{"href":"https:\/\/www.egemtv.com\/index.php?rest_route=\/wp\/v2\/posts"}],"about":[{"href":"https:\/\/www.egemtv.com\/index.php?rest_route=\/wp\/v2\/types\/post"}],"author":[{"embeddable":true,"href":"https:\/\/www.egemtv.com\/index.php?rest_route=\/wp\/v2\/users\/1"}],"replies":[{"embeddable":true,"href":"https:\/\/www.egemtv.com\/index.php?rest_route=%2Fwp%2Fv2%2Fcomments&post=77296"}],"version-history":[{"count":1,"href":"https:\/\/www.egemtv.com\/index.php?rest_route=\/wp\/v2\/posts\/77296\/revisions"}],"predecessor-version":[{"id":77298,"href":"https:\/\/www.egemtv.com\/index.php?rest_route=\/wp\/v2\/posts\/77296\/revisions\/77298"}],"wp:featuredmedia":[{"embeddable":true,"href":"https:\/\/www.egemtv.com\/index.php?rest_route=\/wp\/v2\/media\/77297"}],"wp:attachment":[{"href":"https:\/\/www.egemtv.com\/index.php?rest_route=%2Fwp%2Fv2%2Fmedia&parent=77296"}],"wp:term":[{"taxonomy":"category","embeddable":true,"href":"https:\/\/www.egemtv.com\/index.php?rest_route=%2Fwp%2Fv2%2Fcategories&post=77296"},{"taxonomy":"post_tag","embeddable":true,"href":"https:\/\/www.egemtv.com\/index.php?rest_route=%2Fwp%2Fv2%2Ftags&post=77296"}],"curies":[{"name":"wp","href":"https:\/\/api.w.org\/{rel}","templated":true}]}}