{"id":77293,"date":"2025-12-29T12:14:58","date_gmt":"2025-12-29T09:14:58","guid":{"rendered":"https:\/\/www.egemtv.com\/?p=77293"},"modified":"2025-12-29T12:14:58","modified_gmt":"2025-12-29T09:14:58","slug":"egiad-buyume-ancak-topluma-dokunursa-anlamlidir","status":"publish","type":"post","link":"https:\/\/www.egemtv.com\/?p=77293","title":{"rendered":"EG\u0130AD: &#8220;B\u00fcy\u00fcme, ancak topluma dokunursa anlaml\u0131d\u0131r&#8221;"},"content":{"rendered":"<p>Ege Gen\u00e7 \u0130\u015f \u0130nsanlar\u0131 Derne\u011fi (EG\u0130AD) Y\u00f6netim Kurulu Ba\u015fkan\u0131 Kaan \u00d6zhelvac\u0131, 2026 ekonomisinde yat\u0131r\u0131m, ihracat ve dijitalle\u015fme odakl\u0131 politikalar\u0131n kritik \u00f6nem ta\u015f\u0131d\u0131\u011f\u0131n\u0131 belirterek 2025 ekonomisini de\u011ferlendirdi, 2026 ekonomisi i\u00e7in beklentilerini s\u0131ralad\u0131.<br \/>\n<br \/>EG\u0130AD, T\u00fcrkiye\u2019nin ikinci y\u00fczy\u0131l\u0131na girerken ekonomik g\u00f6r\u00fcn\u00fcm\u00fc ve gelecek projeksiyonlar\u0131n\u0131 de\u011ferlendirdi. EG\u0130AD Y\u00f6netim Kurulu Ba\u015fkan\u0131 M. Kaan \u00d6zhelvac\u0131, 2025 y\u0131l\u0131na ili\u015fkin yapt\u0131\u011f\u0131 de\u011ferlendirmede, T\u00fcrkiye ekonomisinin yap\u0131sal k\u0131r\u0131lganl\u0131klar\u0131 ile f\u0131rsat alanlar\u0131n\u0131n ayn\u0131 potada g\u00f6r\u00fcld\u00fc\u011f\u00fcn\u00fc ifade ederek \u00f6nemli mesajlar verdi.<br \/>\n<br \/>EG\u0130AD Ba\u015fkan\u0131 Kaan \u00d6zhelvac\u0131, T\u00fcrkiye ekonomisinin 2025\u2019te s\u0131k\u0131 para politikalar\u0131, finansmana eri\u015fim ve maliyet bask\u0131lar\u0131yla m\u00fccadele etti\u011fini hat\u0131rlatarak, &#8220;Buna kar\u015f\u0131l\u0131k \u00fcretim, ihracat ve yap\u0131sal reform odakl\u0131 bir d\u00f6n\u00fc\u015f\u00fcm aray\u0131\u015f\u0131 g\u00fc\u00e7lendi. A\u00e7\u0131k\u00e7as\u0131 T\u00fcrkiye ekonomisi, \u00f6nemli s\u0131\u00e7ramalar ya\u015fasa da b\u00fcy\u00fcmenin niteli\u011fi ve kal\u0131c\u0131l\u0131\u011f\u0131 konular\u0131nda derin bir s\u0131nav verdi. Verimlilik art\u0131\u015f\u0131n\u0131n s\u0131n\u0131rl\u0131 kalmas\u0131, kurumlar\u0131n \u00f6ng\u00f6r\u00fclebilirlik sorunu ve gelir e\u015fitsizliklerinin derinle\u015fmesi, 2025\u2019in ekonomi y\u00f6netimi a\u00e7\u0131s\u0131ndan temel sorun alanlar\u0131n\u0131 olu\u015fturdu.&#8221; dedi.<br \/>\n<br \/>T\u00fcrkiye ekonomisinin temel yap\u0131sal meselelerinin d\u00f6rt ana ba\u015fl\u0131kta topland\u0131\u011f\u0131na dikkat \u00e7eken \u00d6zhelvac\u0131, maddeleri \u015fu \u015fekilde s\u0131ralad\u0131: &#8220;1.\u2019si verimlilik odakl\u0131 \u00fcretim yetersizli\u011fi, 2.\u2019si teknoloji seviyesi orta ligde s\u0131k\u0131\u015fm\u0131\u015f bir \u00fcretim yap\u0131s\u0131n\u0131n T\u00fcrkiye\u2019nin rekabet g\u00fcc\u00fcn\u00fc s\u0131n\u0131rlamas\u0131, 3.\u2019s\u00fc kurumsal kapasite eksikli\u011fi, 4.\u2019s\u00fc e\u015fitsizlik ve b\u00f6lgesel dengesizlik ba\u015fl\u0131ca sorunlar\u0131 olu\u015fturmakta.&#8221;<br \/>\n<br \/>\u00d6ng\u00f6r\u00fclebilir, \u015feffaf ve uzun vadeli karar alma mekanizmalar\u0131n\u0131n olu\u015fturulmas\u0131 gerekti\u011finden de bahseden \u00d6zhelvac\u0131, toplumsal olarak da b\u00fcy\u00fcmenin ancak tabana yay\u0131lmas\u0131yla m\u00fcmk\u00fcn olabilece\u011finin alt\u0131n\u0131 \u00e7izerek, &#8220;B\u00fcy\u00fcme, ancak toplumun farkl\u0131 kesimlerine dokunursa anlaml\u0131d\u0131r. B\u00f6lgesel u\u00e7urumlar kapanmadan, nitelikli istihdam olu\u015fturmadan ve adil bir rekabet ortam\u0131 tesis etmeden T\u00fcrkiye ekonomisi ger\u00e7ek potansiyeline eri\u015femez.&#8221; diye konu\u015ftu.<br \/>\n<br \/>2026 y\u0131l\u0131n\u0131n T\u00fcrkiye i\u00e7in bir d\u00f6n\u00fc\u015f\u00fcm e\u015fi\u011fi olu\u015fturaca\u011f\u0131na i\u015faret eden \u00d6zhelvac\u0131, karar al\u0131c\u0131lara \u015fu mesaj\u0131 verdi: &#8220;2026\u2019ya ili\u015fkin beklentiler, kurumsal reformlar, verimlilik odakl\u0131 yat\u0131r\u0131mlar ve ye\u015fil-dijital d\u00f6n\u00fc\u015f\u00fcm\u00fcn uygulamaya ge\u00e7mesiyle \u015fekillenecektir.&#8221;<br \/>\n<br \/>\u00d6zellikle d\u00f6rt ana yap\u0131sal alanda ad\u0131m at\u0131lmas\u0131 gerekti\u011fi belirten EG\u0130AD Y\u00f6netim Kurulu Ba\u015fkan\u0131 Kaan \u00d6zhelvac\u0131, &#8220;Ar-Ge, nitelikli i\u015f g\u00fcc\u00fc ve \u00fcretim modernizasyonu desteklenmelidir. Hukuki g\u00fcven, \u00f6ng\u00f6r\u00fclebilir reg\u00fclasyonlar ve piyasa \u00f6zerkli\u011fi yeniden in\u015fa edilmelidir. Ekonomik refah yaln\u0131zca belli merkezlerde de\u011fil \u00fclke geneline yay\u0131lmal\u0131d\u0131r. Yeni ekonominin kodlar\u0131; temiz enerji, veri, teknoloji ve s\u00fcrd\u00fcr\u00fclebilirlik i\u015f d\u00fcnyas\u0131n\u0131n ana ajandas\u0131 olmal\u0131d\u0131r.&#8221; dedi. \u00d6zhelvac\u0131 de\u011ferlendirmesini \u015fu ifadeyle tamamlad\u0131: &#8220;Cesur reformlar, bilimsel ak\u0131l ve uzun vadeli vizyon, T\u00fcrkiye\u2019nin gelece\u011fini belirleyecektir.&#8221;<\/p>\n<p>EG\u0130AD\u2019\u0131n i\u015f d\u00fcnyas\u0131na mesaj\u0131<br \/>\n<br \/>EG\u0130AD i\u015f d\u00fcnyas\u0131n\u0131n ekonomide edilgen de\u011fil etken oldu\u011funu da hat\u0131rlatan \u00d6zhelvac\u0131, EG\u0130AD \u00fcyelerine y\u00f6nelik vizyonu \u015fu c\u00fcmlelerle aktard\u0131: &#8220;\u0130kinci y\u00fczy\u0131l; birlikte hareket eden, de\u011fer olu\u015fturan ve gelece\u011fi tasarlayan bir i\u015f d\u00fcnyas\u0131yla in\u015fa edilebilir. EG\u0130AD olarak bu d\u00f6n\u00fc\u015f\u00fcm\u00fcn sorumlulu\u011funu \u00fcstleniyoruz. EG\u0130AD, i\u015f d\u00fcnyas\u0131, \u00fcniversiteler, sivil toplum ve kamu y\u00f6netimi aras\u0131nda k\u00f6pr\u00fc g\u00f6revi g\u00f6rmeye devam ederek T\u00fcrkiye\u2019nin s\u00fcrd\u00fcr\u00fclebilir kalk\u0131nma ajandas\u0131na katk\u0131 sunmay\u0131 s\u00fcrd\u00fcrecektir.&#8221;<br \/>\n<br \/>EG\u0130AD\u2019\u0131n 2025\u2019te oda\u011f\u0131n\u0131 gen\u00e7 istihdam\u0131 ve T\u00fcrkiye\u2019nin en kritik sosyal-ekonomik sorun alanlar\u0131ndan biri haline gelen NEET gen\u00e7ler meselesine \u00e7evirdiklerinin alt\u0131n\u0131 \u00e7izen \u00d6zhelvac\u0131, &#8220;\u0130\u015fg\u00fcc\u00fcne kat\u0131lmam\u0131\u015f, e\u011fitim ya da istihdama dahil olamam\u0131\u015f gen\u00e7lerin ekonomiye kazand\u0131r\u0131lmas\u0131n\u0131n yaln\u0131zca sosyal sorumluluk de\u011fil, b\u00f6lgesel kalk\u0131nma i\u00e7in stratejik bir zorunluluk oldu\u011funun alt\u0131n\u0131 \u00e7izdik. 2026\u2019ya girerken ise oda\u011f\u0131m\u0131z\u0131 bir kademe ileri ta\u015f\u0131yoruz. \u0130lk raporumuzun ba\u015fl\u0131\u011f\u0131, \u2019Yarat\u0131c\u0131 Y\u0131k\u0131m S\u00fcrecinde \u0130zmir &#8211; \u00dc\u00e7\u00fcz D\u00f6n\u00fc\u015f\u00fcm ile \u0130\u015fg\u00fcc\u00fc Piyasas\u0131n\u0131n Yeniden Tasar\u0131m\u0131\u2019 olacak. Bu \u00e7al\u0131\u015fmada temel sorumuz \u015fu: Dijitalle\u015fme, ye\u015fil d\u00f6n\u00fc\u015f\u00fcm ve sosyal d\u00f6n\u00fc\u015f\u00fcm \u0130zmir\u2019in i\u015fg\u00fcc\u00fc piyasas\u0131n\u0131 nas\u0131l yeniden \u015fekillendiriyor? Yapay zek\u00e2, otomasyon, robotik ve yeni \u00fcretim teknolojileri; baz\u0131 meslekleri d\u00f6n\u00fc\u015ft\u00fcr\u00fcrken yeni becerilere olan ihtiyac\u0131 art\u0131r\u0131yor. Biz bu raporla; \u2019hangi beceriler kritik olacak, hangi sekt\u00f6rler nas\u0131l etkilenecek, \u015firketler ve kurumlar hangi yeniden beceri kazand\u0131rma ad\u0131mlar\u0131n\u0131 atmal\u0131?\u2019 sorular\u0131na somut bir \u00e7er\u00e7eve getirmek istiyoruz. \u00d6zellikle NEET gen\u00e7ler ba\u015fta olmak \u00fczere k\u0131r\u0131lgan gruplar\u0131n \u00fcretim s\u00fcre\u00e7lerine yeniden dahil olabilmesi i\u00e7in uygulanabilir bir yol haritas\u0131 ortaya koyaca\u011f\u0131z; b\u00f6ylece yarat\u0131c\u0131 y\u0131k\u0131m\u0131n \u015fehir i\u00e7in risk olmaktan \u00e7\u0131k\u0131p f\u0131rsata d\u00f6n\u00fc\u015fmesine katk\u0131 sunaca\u011f\u0131z. \u0130kinci raporumuzun ba\u015fl\u0131\u011f\u0131, \u2019B\u00f6lgesel Ekonomik G\u00fcvenlik &#8211; Tedarik Zinciri Riskleri ve Dayan\u0131kl\u0131l\u0131k\u2019 olacak. Bu \u00e7al\u0131\u015fma ise Ege sanayisi a\u00e7\u0131s\u0131ndan kritik bir soruya \u0131\u015f\u0131k tutuyor: K\u00fcresel \u015foklara kar\u015f\u0131 \u015firketlerimiz ne kadar dayan\u0131kl\u0131? \u00c7in kaynakl\u0131 tedarik kesintisi, AB reg\u00fclasyonlar\u0131, navlun maliyetleri, kritik hammaddelerde d\u0131\u015fa ba\u011f\u0131ml\u0131l\u0131k, enerji ba\u011f\u0131ml\u0131l\u0131klar\u0131, S\u0131n\u0131rda karbon d\u00fczenleme uygulamalar\u0131 gibi senaryolar\u0131 analiz ederek; hangi sekt\u00f6rlerin daha k\u0131r\u0131lgan, hangilerinin daha dayan\u0131kl\u0131 oldu\u011funa ili\u015fkin g\u00fc\u00e7l\u00fc i\u00e7g\u00f6r\u00fcler \u00fcretece\u011fiz. KOB\u0130\u2019ler i\u00e7in tedarik \u00e7e\u015fitlendirme, risk y\u00f6netimi ve dayan\u0131kl\u0131l\u0131k art\u0131rma ad\u0131mlar\u0131na dair uygulanabilir bir \u00e7er\u00e7eve sunarak, bu raporu &#8220;yar\u0131n\u0131n belirsizliklerine kar\u015f\u0131 stratejik pusula&#8221; haline getirece\u011fiz. T\u00fcm bu \u00e7al\u0131\u015fmalar\u0131 2026\u2019n\u0131n ilk aylar\u0131nda payla\u015fmay\u0131 hedefliyoruz.&#8221; dedi.<br \/><\/p>\n","protected":false},"excerpt":{"rendered":"<p>Ege Gen\u00e7 \u0130\u015f \u0130nsanlar\u0131 Derne\u011fi (EG\u0130AD) Y\u00f6netim Kurulu Ba\u015fkan\u0131 Kaan \u00d6zhelvac\u0131, 2026 ekonomisinde yat\u0131r\u0131m, ihracat ve dijitalle\u015fme odakl\u0131 politikalar\u0131n kritik \u00f6nem ta\u015f\u0131d\u0131\u011f\u0131n\u0131 belirterek 2025 ekonomisini de\u011ferlendirdi, 2026 ekonomisi i\u00e7in beklentilerini s\u0131ralad\u0131. EG\u0130AD, T\u00fcrkiye\u2019nin ikinci y\u00fczy\u0131l\u0131na girerken ekonomik g\u00f6r\u00fcn\u00fcm\u00fc ve gelecek projeksiyonlar\u0131n\u0131 de\u011ferlendirdi. EG\u0130AD Y\u00f6netim Kurulu Ba\u015fkan\u0131 M. Kaan \u00d6zhelvac\u0131, 2025 y\u0131l\u0131na ili\u015fkin yapt\u0131\u011f\u0131 de\u011ferlendirmede, T\u00fcrkiye&#8230;<\/p>\n","protected":false},"author":1,"featured_media":77294,"comment_status":"open","ping_status":"open","sticky":false,"template":"","format":"standard","meta":{"_crdt_document":"","footnotes":""},"categories":[125],"tags":[],"class_list":["post-77293","post","type-post","status-publish","format-standard","has-post-thumbnail","hentry","category-ekonomi"],"_links":{"self":[{"href":"https:\/\/www.egemtv.com\/index.php?rest_route=\/wp\/v2\/posts\/77293","targetHints":{"allow":["GET"]}}],"collection":[{"href":"https:\/\/www.egemtv.com\/index.php?rest_route=\/wp\/v2\/posts"}],"about":[{"href":"https:\/\/www.egemtv.com\/index.php?rest_route=\/wp\/v2\/types\/post"}],"author":[{"embeddable":true,"href":"https:\/\/www.egemtv.com\/index.php?rest_route=\/wp\/v2\/users\/1"}],"replies":[{"embeddable":true,"href":"https:\/\/www.egemtv.com\/index.php?rest_route=%2Fwp%2Fv2%2Fcomments&post=77293"}],"version-history":[{"count":1,"href":"https:\/\/www.egemtv.com\/index.php?rest_route=\/wp\/v2\/posts\/77293\/revisions"}],"predecessor-version":[{"id":77295,"href":"https:\/\/www.egemtv.com\/index.php?rest_route=\/wp\/v2\/posts\/77293\/revisions\/77295"}],"wp:featuredmedia":[{"embeddable":true,"href":"https:\/\/www.egemtv.com\/index.php?rest_route=\/wp\/v2\/media\/77294"}],"wp:attachment":[{"href":"https:\/\/www.egemtv.com\/index.php?rest_route=%2Fwp%2Fv2%2Fmedia&parent=77293"}],"wp:term":[{"taxonomy":"category","embeddable":true,"href":"https:\/\/www.egemtv.com\/index.php?rest_route=%2Fwp%2Fv2%2Fcategories&post=77293"},{"taxonomy":"post_tag","embeddable":true,"href":"https:\/\/www.egemtv.com\/index.php?rest_route=%2Fwp%2Fv2%2Ftags&post=77293"}],"curies":[{"name":"wp","href":"https:\/\/api.w.org\/{rel}","templated":true}]}}