{"id":77206,"date":"2025-12-28T22:34:33","date_gmt":"2025-12-28T19:34:33","guid":{"rendered":"https:\/\/www.egemtv.com\/?p=77206"},"modified":"2025-12-28T22:34:33","modified_gmt":"2025-12-28T19:34:33","slug":"kutahyada-kar-yagisi-kenti-beyaza-burudu","status":"publish","type":"post","link":"https:\/\/www.egemtv.com\/?p=77206","title":{"rendered":"K\u00fctahya\u2019da kar ya\u011f\u0131\u015f\u0131 kenti beyaza b\u00fcr\u00fcd\u00fc"},"content":{"rendered":"<p>Kar ya\u011f\u0131\u015f\u0131 ile birlikte K\u00fctahya kent merkezi beyaza b\u00fcr\u00fcn\u00fcrken, kartpostall\u0131k g\u00f6r\u00fcnt\u00fcler olu\u015fturdu.<br \/>\n<br \/>K\u00fctahya\u2019n\u0131n simgeleri aras\u0131nda yer alan Zafer Meydan\u0131\u2019ndaki \u00e7inili vazo ve saat kulesi, karla kaplanarak g\u00fczel manzaralar sundu. Kar ya\u011f\u0131\u015f\u0131n\u0131 f\u0131rsat bilen vatanda\u015flar\u0131n bir k\u0131sm\u0131 meydanda kartopu oynarken, baz\u0131 vatanda\u015flar ise bu anlar\u0131 cep telefonlar\u0131yla kaydetti.<br \/>\n<br \/>Mevsimin ilk kar\u0131n\u0131 sevin\u00e7le kar\u015f\u0131layan K\u00fctahyal\u0131lar, bu y\u0131l kar ya\u011f\u0131\u015f\u0131n\u0131n bol olmas\u0131n\u0131 dilediklerini ifade etti.<br \/><\/p>\n","protected":false},"excerpt":{"rendered":"<p>Kar ya\u011f\u0131\u015f\u0131 ile birlikte K\u00fctahya kent merkezi beyaza b\u00fcr\u00fcn\u00fcrken, kartpostall\u0131k g\u00f6r\u00fcnt\u00fcler olu\u015fturdu. K\u00fctahya\u2019n\u0131n simgeleri aras\u0131nda yer alan Zafer Meydan\u0131\u2019ndaki \u00e7inili vazo ve saat kulesi, karla kaplanarak g\u00fczel manzaralar sundu. Kar ya\u011f\u0131\u015f\u0131n\u0131 f\u0131rsat bilen vatanda\u015flar\u0131n bir k\u0131sm\u0131 meydanda kartopu oynarken, baz\u0131 vatanda\u015flar ise bu anlar\u0131 cep telefonlar\u0131yla kaydetti. Mevsimin ilk kar\u0131n\u0131 sevin\u00e7le kar\u015f\u0131layan K\u00fctahyal\u0131lar, bu y\u0131l&#8230;<\/p>\n","protected":false},"author":1,"featured_media":77207,"comment_status":"open","ping_status":"open","sticky":false,"template":"","format":"standard","meta":{"_crdt_document":"","footnotes":""},"categories":[1],"tags":[],"class_list":["post-77206","post","type-post","status-publish","format-standard","has-post-thumbnail","hentry","category-guncel"],"_links":{"self":[{"href":"https:\/\/www.egemtv.com\/index.php?rest_route=\/wp\/v2\/posts\/77206","targetHints":{"allow":["GET"]}}],"collection":[{"href":"https:\/\/www.egemtv.com\/index.php?rest_route=\/wp\/v2\/posts"}],"about":[{"href":"https:\/\/www.egemtv.com\/index.php?rest_route=\/wp\/v2\/types\/post"}],"author":[{"embeddable":true,"href":"https:\/\/www.egemtv.com\/index.php?rest_route=\/wp\/v2\/users\/1"}],"replies":[{"embeddable":true,"href":"https:\/\/www.egemtv.com\/index.php?rest_route=%2Fwp%2Fv2%2Fcomments&post=77206"}],"version-history":[{"count":1,"href":"https:\/\/www.egemtv.com\/index.php?rest_route=\/wp\/v2\/posts\/77206\/revisions"}],"predecessor-version":[{"id":77208,"href":"https:\/\/www.egemtv.com\/index.php?rest_route=\/wp\/v2\/posts\/77206\/revisions\/77208"}],"wp:featuredmedia":[{"embeddable":true,"href":"https:\/\/www.egemtv.com\/index.php?rest_route=\/wp\/v2\/media\/77207"}],"wp:attachment":[{"href":"https:\/\/www.egemtv.com\/index.php?rest_route=%2Fwp%2Fv2%2Fmedia&parent=77206"}],"wp:term":[{"taxonomy":"category","embeddable":true,"href":"https:\/\/www.egemtv.com\/index.php?rest_route=%2Fwp%2Fv2%2Fcategories&post=77206"},{"taxonomy":"post_tag","embeddable":true,"href":"https:\/\/www.egemtv.com\/index.php?rest_route=%2Fwp%2Fv2%2Ftags&post=77206"}],"curies":[{"name":"wp","href":"https:\/\/api.w.org\/{rel}","templated":true}]}}