{"id":77173,"date":"2025-12-28T17:36:01","date_gmt":"2025-12-28T14:36:01","guid":{"rendered":"https:\/\/www.egemtv.com\/?p=77173"},"modified":"2025-12-28T17:36:02","modified_gmt":"2025-12-28T14:36:02","slug":"aydin-buyuksehir-belediyespordan-pasor-transferi","status":"publish","type":"post","link":"https:\/\/www.egemtv.com\/?p=77173","title":{"rendered":"Ayd\u0131n B\u00fcy\u00fck\u015fehir Belediyespor\u2019dan pas\u00f6r transferi"},"content":{"rendered":"<p>Vodafone Sultanlar Ligi ekiplerinden Ayd\u0131n B\u00fcy\u00fck\u015fehir Belediyespor, son olarak \u0130lbank formas\u0131 giyen pas\u00f6r Hilal Kocakara\u2019y\u0131 kadrosuna katt\u0131.<br \/>\n<br \/>2002 do\u011fumlu ve 1.81 boyundaki Hilal Kocakara, kariyerinde Fenerbah\u00e7e, Nil\u00fcfer Belediyespor, Bolu Belediyesi, Be\u015fikta\u015f, Zerenspor ve \u0130lbank formalar\u0131n\u0131 giydi. Transferle ilgili kul\u00fcpten yap\u0131lan a\u00e7\u0131klamada, &#8220;Ho\u015f geldin Hilal Kocakara. Pas\u00f6r Hilal Kocakara, 2025-2026 sezonu sonuna kadar mavi-beyaz formam\u0131z alt\u0131nda tak\u0131m\u0131m\u0131z\u0131n ba\u015far\u0131s\u0131 i\u00e7in m\u00fccadele edecek. Birlikte nice ba\u015far\u0131lara&#8221; denildi.<br \/><\/p>\n","protected":false},"excerpt":{"rendered":"<p>Vodafone Sultanlar Ligi ekiplerinden Ayd\u0131n B\u00fcy\u00fck\u015fehir Belediyespor, son olarak \u0130lbank formas\u0131 giyen pas\u00f6r Hilal Kocakara\u2019y\u0131 kadrosuna katt\u0131. 2002 do\u011fumlu ve 1.81 boyundaki Hilal Kocakara, kariyerinde Fenerbah\u00e7e, Nil\u00fcfer Belediyespor, Bolu Belediyesi, Be\u015fikta\u015f, Zerenspor ve \u0130lbank formalar\u0131n\u0131 giydi. Transferle ilgili kul\u00fcpten yap\u0131lan a\u00e7\u0131klamada, &#8220;Ho\u015f geldin Hilal Kocakara. Pas\u00f6r Hilal Kocakara, 2025-2026 sezonu sonuna kadar mavi-beyaz formam\u0131z alt\u0131nda&#8230;<\/p>\n","protected":false},"author":1,"featured_media":77174,"comment_status":"open","ping_status":"open","sticky":false,"template":"","format":"standard","meta":{"_crdt_document":"","footnotes":""},"categories":[4],"tags":[],"class_list":["post-77173","post","type-post","status-publish","format-standard","has-post-thumbnail","hentry","category-spor"],"_links":{"self":[{"href":"https:\/\/www.egemtv.com\/index.php?rest_route=\/wp\/v2\/posts\/77173","targetHints":{"allow":["GET"]}}],"collection":[{"href":"https:\/\/www.egemtv.com\/index.php?rest_route=\/wp\/v2\/posts"}],"about":[{"href":"https:\/\/www.egemtv.com\/index.php?rest_route=\/wp\/v2\/types\/post"}],"author":[{"embeddable":true,"href":"https:\/\/www.egemtv.com\/index.php?rest_route=\/wp\/v2\/users\/1"}],"replies":[{"embeddable":true,"href":"https:\/\/www.egemtv.com\/index.php?rest_route=%2Fwp%2Fv2%2Fcomments&post=77173"}],"version-history":[{"count":1,"href":"https:\/\/www.egemtv.com\/index.php?rest_route=\/wp\/v2\/posts\/77173\/revisions"}],"predecessor-version":[{"id":77175,"href":"https:\/\/www.egemtv.com\/index.php?rest_route=\/wp\/v2\/posts\/77173\/revisions\/77175"}],"wp:featuredmedia":[{"embeddable":true,"href":"https:\/\/www.egemtv.com\/index.php?rest_route=\/wp\/v2\/media\/77174"}],"wp:attachment":[{"href":"https:\/\/www.egemtv.com\/index.php?rest_route=%2Fwp%2Fv2%2Fmedia&parent=77173"}],"wp:term":[{"taxonomy":"category","embeddable":true,"href":"https:\/\/www.egemtv.com\/index.php?rest_route=%2Fwp%2Fv2%2Fcategories&post=77173"},{"taxonomy":"post_tag","embeddable":true,"href":"https:\/\/www.egemtv.com\/index.php?rest_route=%2Fwp%2Fv2%2Ftags&post=77173"}],"curies":[{"name":"wp","href":"https:\/\/api.w.org\/{rel}","templated":true}]}}