{"id":77170,"date":"2025-12-28T17:36:00","date_gmt":"2025-12-28T14:36:00","guid":{"rendered":"https:\/\/www.egemtv.com\/?p=77170"},"modified":"2025-12-28T17:36:01","modified_gmt":"2025-12-28T14:36:01","slug":"otomobilin-carptigi-cocuk-yaralandi","status":"publish","type":"post","link":"https:\/\/www.egemtv.com\/?p=77170","title":{"rendered":"Otomobilin \u00e7arpt\u0131\u011f\u0131 \u00e7ocuk yaraland\u0131"},"content":{"rendered":"<p>Ayd\u0131n\u2019\u0131n Efeler il\u00e7esinde, otomobilin \u00e7arpt\u0131\u011f\u0131 13 ya\u015f\u0131ndaki \u00e7ocuk yaraland\u0131.<br \/>\n<br \/>Kaza, Ovaeymir Mahallesi Poligon Caddesi\u2019nde meydana geldi. Edinilen bilgilere g\u00f6re, F.\u00c7. y\u00f6netimindeki otomobil hen\u00fcz bilinmeyen bir nedenle 13 ya\u015f\u0131ndaki \u00e7ocu\u011fa \u00e7arpt\u0131. \u00c7arpman\u0131n etkisiyle savrulan \u00e7ocuk yaraland\u0131. Kazay\u0131 g\u00f6renler durumu 112 Acil \u00c7a\u011fr\u0131 Merkezi\u2019ne bildirdi. \u0130hbar \u00fczerine b\u00f6lgeye sa\u011fl\u0131k ve polis ekipleri sevk edildi. K\u0131sa s\u00fcrede olay yerine gelen sa\u011fl\u0131k ekipleri yaral\u0131 \u00e7ocu\u011fa ilk m\u00fcdahaleyi yaparak ambulansla hastaneye kald\u0131rd\u0131. Hastanede tedavi alt\u0131na al\u0131nan yaral\u0131 \u00e7ocu\u011fun hayati tehlikesinin bulunmad\u0131\u011f\u0131 ve durumunun iyi oldu\u011fu \u00f6\u011frenildi.<br \/>\n<br \/>Kazayla ilgili soru\u015fturma s\u00fcr\u00fcyor.<br \/><\/p>\n","protected":false},"excerpt":{"rendered":"<p>Ayd\u0131n\u2019\u0131n Efeler il\u00e7esinde, otomobilin \u00e7arpt\u0131\u011f\u0131 13 ya\u015f\u0131ndaki \u00e7ocuk yaraland\u0131. Kaza, Ovaeymir Mahallesi Poligon Caddesi\u2019nde meydana geldi. Edinilen bilgilere g\u00f6re, F.\u00c7. y\u00f6netimindeki otomobil hen\u00fcz bilinmeyen bir nedenle 13 ya\u015f\u0131ndaki \u00e7ocu\u011fa \u00e7arpt\u0131. \u00c7arpman\u0131n etkisiyle savrulan \u00e7ocuk yaraland\u0131. Kazay\u0131 g\u00f6renler durumu 112 Acil \u00c7a\u011fr\u0131 Merkezi\u2019ne bildirdi. \u0130hbar \u00fczerine b\u00f6lgeye sa\u011fl\u0131k ve polis ekipleri sevk edildi. K\u0131sa s\u00fcrede olay&#8230;<\/p>\n","protected":false},"author":1,"featured_media":77171,"comment_status":"open","ping_status":"open","sticky":false,"template":"","format":"standard","meta":{"_crdt_document":"","footnotes":""},"categories":[5],"tags":[],"class_list":["post-77170","post","type-post","status-publish","format-standard","has-post-thumbnail","hentry","category-asayis"],"_links":{"self":[{"href":"https:\/\/www.egemtv.com\/index.php?rest_route=\/wp\/v2\/posts\/77170","targetHints":{"allow":["GET"]}}],"collection":[{"href":"https:\/\/www.egemtv.com\/index.php?rest_route=\/wp\/v2\/posts"}],"about":[{"href":"https:\/\/www.egemtv.com\/index.php?rest_route=\/wp\/v2\/types\/post"}],"author":[{"embeddable":true,"href":"https:\/\/www.egemtv.com\/index.php?rest_route=\/wp\/v2\/users\/1"}],"replies":[{"embeddable":true,"href":"https:\/\/www.egemtv.com\/index.php?rest_route=%2Fwp%2Fv2%2Fcomments&post=77170"}],"version-history":[{"count":1,"href":"https:\/\/www.egemtv.com\/index.php?rest_route=\/wp\/v2\/posts\/77170\/revisions"}],"predecessor-version":[{"id":77172,"href":"https:\/\/www.egemtv.com\/index.php?rest_route=\/wp\/v2\/posts\/77170\/revisions\/77172"}],"wp:featuredmedia":[{"embeddable":true,"href":"https:\/\/www.egemtv.com\/index.php?rest_route=\/wp\/v2\/media\/77171"}],"wp:attachment":[{"href":"https:\/\/www.egemtv.com\/index.php?rest_route=%2Fwp%2Fv2%2Fmedia&parent=77170"}],"wp:term":[{"taxonomy":"category","embeddable":true,"href":"https:\/\/www.egemtv.com\/index.php?rest_route=%2Fwp%2Fv2%2Fcategories&post=77170"},{"taxonomy":"post_tag","embeddable":true,"href":"https:\/\/www.egemtv.com\/index.php?rest_route=%2Fwp%2Fv2%2Ftags&post=77170"}],"curies":[{"name":"wp","href":"https:\/\/api.w.org\/{rel}","templated":true}]}}