{"id":77164,"date":"2025-12-28T17:35:58","date_gmt":"2025-12-28T14:35:58","guid":{"rendered":"https:\/\/www.egemtv.com\/?p=77164"},"modified":"2025-12-28T17:35:59","modified_gmt":"2025-12-28T14:35:59","slug":"ehliyet-sinavinda-kalp-krizi-geciren-aday-hayatini-kaybetti","status":"publish","type":"post","link":"https:\/\/www.egemtv.com\/?p=77164","title":{"rendered":"Ehliyet s\u0131nav\u0131nda kalp krizi ge\u00e7iren aday hayat\u0131n\u0131 kaybetti"},"content":{"rendered":"<p>Ayd\u0131n\u2019\u0131n Efeler il\u00e7esinde motosiklet ehliyeti almak i\u00e7in girdi\u011fi s\u0131nav s\u0131ras\u0131nda seyir halinde iddiaya g\u00f6re kalp krizi ge\u00e7iren 18 ya\u015f\u0131ndaki gen\u00e7, yapt\u0131\u011f\u0131 kaza sonras\u0131nda kald\u0131r\u0131ld\u0131\u011f\u0131 hastanede hayat\u0131n\u0131 kaybetti.<br \/>\n<br \/>Olay, Ayd\u0131n\u2019da Denizli Bulvar\u0131 \u00fczerinde \u00f6\u011fle saatlerinde meydana geldi. Edinilen bilgiye g\u00f6re, \u00dczeyir Hazar (18) isimli gen\u00e7 ehliyet almak i\u00e7in girdi\u011fi s\u0131navda 09 ABS 178 plakal\u0131 motosikletle seyir haline ge\u00e7ti. S\u0131nav g\u00fczergah\u0131ndayken iddiaya g\u00f6re kalp krizi ge\u00e7iren Hazar, motosikletin hakimiyetini kaybetti. Devrilen ve s\u00fcr\u00fcklenen motosikletten d\u00fc\u015fen Hazar a\u011f\u0131r yaraland\u0131. 112 Acil \u00c7a\u011fr\u0131 Merkezi\u2019ne yap\u0131lan ihbar \u00fczerine b\u00f6lgeye sa\u011fl\u0131k ve polis ekipleri sevk edildi. K\u0131sa s\u00fcrede olay yerine gelen sa\u011fl\u0131k ekipleri ilk m\u00fcdahaleyi yapt\u0131ktan sonra Hazar\u2019\u0131 ambulansla hastaneye kald\u0131rd\u0131. Hastanede t\u00fcm m\u00fcdahalelere ra\u011fmen Hazar hayat\u0131n\u0131 kaybetti. Hazar\u2019\u0131n \u00f6l\u00fcm haberini alan yak\u0131nlar\u0131 yasa bo\u011fuldu.<br \/>\n<br \/>Olayla ilgili soru\u015fturma s\u00fcr\u00fcyor.<br \/><\/p>\n","protected":false},"excerpt":{"rendered":"<p>Ayd\u0131n\u2019\u0131n Efeler il\u00e7esinde motosiklet ehliyeti almak i\u00e7in girdi\u011fi s\u0131nav s\u0131ras\u0131nda seyir halinde iddiaya g\u00f6re kalp krizi ge\u00e7iren 18 ya\u015f\u0131ndaki gen\u00e7, yapt\u0131\u011f\u0131 kaza sonras\u0131nda kald\u0131r\u0131ld\u0131\u011f\u0131 hastanede hayat\u0131n\u0131 kaybetti. Olay, Ayd\u0131n\u2019da Denizli Bulvar\u0131 \u00fczerinde \u00f6\u011fle saatlerinde meydana geldi. Edinilen bilgiye g\u00f6re, \u00dczeyir Hazar (18) isimli gen\u00e7 ehliyet almak i\u00e7in girdi\u011fi s\u0131navda 09 ABS 178 plakal\u0131 motosikletle seyir&#8230;<\/p>\n","protected":false},"author":1,"featured_media":77165,"comment_status":"open","ping_status":"open","sticky":false,"template":"","format":"standard","meta":{"_crdt_document":"","footnotes":""},"categories":[5],"tags":[],"class_list":["post-77164","post","type-post","status-publish","format-standard","has-post-thumbnail","hentry","category-asayis"],"_links":{"self":[{"href":"https:\/\/www.egemtv.com\/index.php?rest_route=\/wp\/v2\/posts\/77164","targetHints":{"allow":["GET"]}}],"collection":[{"href":"https:\/\/www.egemtv.com\/index.php?rest_route=\/wp\/v2\/posts"}],"about":[{"href":"https:\/\/www.egemtv.com\/index.php?rest_route=\/wp\/v2\/types\/post"}],"author":[{"embeddable":true,"href":"https:\/\/www.egemtv.com\/index.php?rest_route=\/wp\/v2\/users\/1"}],"replies":[{"embeddable":true,"href":"https:\/\/www.egemtv.com\/index.php?rest_route=%2Fwp%2Fv2%2Fcomments&post=77164"}],"version-history":[{"count":1,"href":"https:\/\/www.egemtv.com\/index.php?rest_route=\/wp\/v2\/posts\/77164\/revisions"}],"predecessor-version":[{"id":77166,"href":"https:\/\/www.egemtv.com\/index.php?rest_route=\/wp\/v2\/posts\/77164\/revisions\/77166"}],"wp:featuredmedia":[{"embeddable":true,"href":"https:\/\/www.egemtv.com\/index.php?rest_route=\/wp\/v2\/media\/77165"}],"wp:attachment":[{"href":"https:\/\/www.egemtv.com\/index.php?rest_route=%2Fwp%2Fv2%2Fmedia&parent=77164"}],"wp:term":[{"taxonomy":"category","embeddable":true,"href":"https:\/\/www.egemtv.com\/index.php?rest_route=%2Fwp%2Fv2%2Fcategories&post=77164"},{"taxonomy":"post_tag","embeddable":true,"href":"https:\/\/www.egemtv.com\/index.php?rest_route=%2Fwp%2Fv2%2Ftags&post=77164"}],"curies":[{"name":"wp","href":"https:\/\/api.w.org\/{rel}","templated":true}]}}