{"id":77158,"date":"2025-12-28T15:54:38","date_gmt":"2025-12-28T12:54:38","guid":{"rendered":"https:\/\/www.egemtv.com\/?p=77158"},"modified":"2025-12-28T15:54:39","modified_gmt":"2025-12-28T12:54:39","slug":"baskan-balaban-ortakoy-sakinlerinin-taleplerini-tek-tek-not-aldi","status":"publish","type":"post","link":"https:\/\/www.egemtv.com\/?p=77158","title":{"rendered":"Ba\u015fkan Balaban Ortak\u00f6y sakinlerinin taleplerini tek tek not ald\u0131"},"content":{"rendered":"<p>Yunusemre Belediye Ba\u015fkan\u0131 Semih Balaban, mahalle ziyaretlerine Ortak\u00f6y Mahallesi ile devam etti.<br \/>\n<br \/>\u0130l\u00e7enin d\u00f6rt bir yan\u0131ndaki mahalleleri ziyaret etmeyi s\u00fcrd\u00fcren Yunusemre Belediye Ba\u015fkan\u0131 Semih Balaban, son olarak Ortak\u00f6y Mahallesi sakinleriyle bir araya geldi. Ziyarete Belediye Ba\u015fkan Yard\u0131mc\u0131s\u0131 Emine \u00d6zge Arslan ile Ortak\u00f6y Mahalle Muhtar\u0131 Ramazan Orta da kat\u0131ld\u0131. Samimi bir ortamda  ger\u00e7ekle\u015fen bulu\u015fmada mahalle sakinlerinin talep ve \u00f6nerilerini dinleyen Ba\u015fkan Balaban, Yunusemre Belediyesi olarak kat\u0131l\u0131mc\u0131 ve \u00e7\u00f6z\u00fcm odakl\u0131 bir y\u00f6netim anlay\u0131\u015f\u0131 benimsediklerini vurgulad\u0131. Mahalle halk\u0131ndan gelen talepler tek tek not al\u0131n\u0131rken, Ortak\u00f6y Mahallesi\u2019nde yap\u0131lmas\u0131 planlanan \u00e7al\u0131\u015fmalar hakk\u0131nda vatanda\u015flara bilgi verildi.<br \/>\n<br \/>Mahalle bulu\u015fmas\u0131n\u0131n ard\u0131ndan Ba\u015fkan  Balaban, Belediye Ba\u015fkan Yard\u0131mc\u0131s\u0131 Emine \u00d6zge Arslan ve MAYEB Genel M\u00fcd\u00fcr\u00fc \u0130lhan D\u00fczenli ile birlikte mahallede incelemelerde bulunarak ziyaretini tamamlad\u0131.<br \/><\/p>\n","protected":false},"excerpt":{"rendered":"<p>Yunusemre Belediye Ba\u015fkan\u0131 Semih Balaban, mahalle ziyaretlerine Ortak\u00f6y Mahallesi ile devam etti. \u0130l\u00e7enin d\u00f6rt bir yan\u0131ndaki mahalleleri ziyaret etmeyi s\u00fcrd\u00fcren Yunusemre Belediye Ba\u015fkan\u0131 Semih Balaban, son olarak Ortak\u00f6y Mahallesi sakinleriyle bir araya geldi. Ziyarete Belediye Ba\u015fkan Yard\u0131mc\u0131s\u0131 Emine \u00d6zge Arslan ile Ortak\u00f6y Mahalle Muhtar\u0131 Ramazan Orta da kat\u0131ld\u0131. Samimi bir ortamda ger\u00e7ekle\u015fen bulu\u015fmada mahalle sakinlerinin&#8230;<\/p>\n","protected":false},"author":1,"featured_media":77159,"comment_status":"open","ping_status":"open","sticky":false,"template":"","format":"standard","meta":{"_crdt_document":"","footnotes":""},"categories":[123],"tags":[],"class_list":["post-77158","post","type-post","status-publish","format-standard","has-post-thumbnail","hentry","category-gundem"],"_links":{"self":[{"href":"https:\/\/www.egemtv.com\/index.php?rest_route=\/wp\/v2\/posts\/77158","targetHints":{"allow":["GET"]}}],"collection":[{"href":"https:\/\/www.egemtv.com\/index.php?rest_route=\/wp\/v2\/posts"}],"about":[{"href":"https:\/\/www.egemtv.com\/index.php?rest_route=\/wp\/v2\/types\/post"}],"author":[{"embeddable":true,"href":"https:\/\/www.egemtv.com\/index.php?rest_route=\/wp\/v2\/users\/1"}],"replies":[{"embeddable":true,"href":"https:\/\/www.egemtv.com\/index.php?rest_route=%2Fwp%2Fv2%2Fcomments&post=77158"}],"version-history":[{"count":1,"href":"https:\/\/www.egemtv.com\/index.php?rest_route=\/wp\/v2\/posts\/77158\/revisions"}],"predecessor-version":[{"id":77160,"href":"https:\/\/www.egemtv.com\/index.php?rest_route=\/wp\/v2\/posts\/77158\/revisions\/77160"}],"wp:featuredmedia":[{"embeddable":true,"href":"https:\/\/www.egemtv.com\/index.php?rest_route=\/wp\/v2\/media\/77159"}],"wp:attachment":[{"href":"https:\/\/www.egemtv.com\/index.php?rest_route=%2Fwp%2Fv2%2Fmedia&parent=77158"}],"wp:term":[{"taxonomy":"category","embeddable":true,"href":"https:\/\/www.egemtv.com\/index.php?rest_route=%2Fwp%2Fv2%2Fcategories&post=77158"},{"taxonomy":"post_tag","embeddable":true,"href":"https:\/\/www.egemtv.com\/index.php?rest_route=%2Fwp%2Fv2%2Ftags&post=77158"}],"curies":[{"name":"wp","href":"https:\/\/api.w.org\/{rel}","templated":true}]}}