{"id":77155,"date":"2025-12-28T15:36:17","date_gmt":"2025-12-28T12:36:17","guid":{"rendered":"https:\/\/www.egemtv.com\/?p=77155"},"modified":"2025-12-28T15:36:18","modified_gmt":"2025-12-28T12:36:18","slug":"manisanin-en-koklu-pazari-yeni-yuzune-kavusuyor","status":"publish","type":"post","link":"https:\/\/www.egemtv.com\/?p=77155","title":{"rendered":"Manisa\u2019n\u0131n en k\u00f6kl\u00fc pazar\u0131 yeni y\u00fcz\u00fcne kavu\u015fuyor"},"content":{"rendered":"<p>Manisa B\u00fcy\u00fck\u015fehir Belediyesinin \u015fehrin en k\u00f6kl\u00fc ve b\u00fcy\u00fck pazarlar\u0131ndan biri olan Per\u015fembe pazar\u0131nda ba\u015flatt\u0131\u011f\u0131 \u00e7at\u0131 yenileme ve geni\u015fletme \u00e7al\u0131\u015fmas\u0131nda sona gelindi.<br \/>\n<br \/>Manisa B\u00fcy\u00fck\u015fehir Belediye Ba\u015fkan\u0131 Besim Dutlulu, ge\u00e7ti\u011fimiz aylarda Per\u015fembe pazar\u0131nda ger\u00e7ekle\u015ftirdi\u011fi esnaf ziyaretinde, esnaf\u0131n en b\u00fcy\u00fck dertlerinden biri olan &#8220;a\u00e7\u0131k alan&#8221; sorununu yerinde dinledi. Yaz\u0131n kavurucu s\u0131ca\u011f\u0131, k\u0131\u015f\u0131n ise sa\u011fanak ya\u011f\u0131\u015f ve f\u0131rt\u0131nayla m\u00fccadele eden esnaf\u0131n, &#8220;Ba\u015fkan\u0131m, \u00fcst\u00fcm\u00fcz\u00fc kapat\u0131n, bizi bu \u00e7ileden kurtar\u0131n&#8221; talebi kar\u015f\u0131l\u0131k buldu. Ziyaretin hemen ard\u0131ndan talimat veren Ba\u015fkan Dutlulu, Per\u015fembe pazar\u0131n\u0131n \u00e7ehresini de\u011fi\u015ftirecek \u00e7at\u0131 yenileme ve geni\u015fletme projesini ba\u015flatt\u0131. Manisa B\u00fcy\u00fck\u015fehir Belediyesi, vatanda\u015flar\u0131n daha konforlu al\u0131\u015fveri\u015f yapabilmesi ve esnaf\u0131n zorlu hava \u015fartlar\u0131ndan etkilenmemesi amac\u0131yla Per\u015fembe pazar\u0131nda ba\u015flatt\u0131\u011f\u0131 \u00e7at\u0131 yenileme ve geni\u015fletme \u00e7al\u0131\u015fmalar\u0131nda sona yakla\u015ft\u0131. Yaz\u0131n kavurucu s\u0131ca\u011f\u0131ndan, k\u0131\u015f\u0131n ise sa\u011fanak ya\u011f\u0131\u015f ve f\u0131rt\u0131nadan olumsuz etkilenen pazar esnaf\u0131, yeni kapal\u0131 alan sayesinde rahat bir nefes ald\u0131.<br \/>\n<br \/>\u00c7al\u0131\u015fmalar\u0131n en k\u0131sa s\u00fcrede tamamlanmas\u0131 i\u00e7in gayret sarf ettiklerini belirten Manisa B\u00fcy\u00fck\u015fehir Belediye Ba\u015fkan\u0131 Besim Dutlulu, &#8220;Manisa\u2019m\u0131z\u0131n en b\u00fcy\u00fck pazar yerlerinden biri olan Per\u015fembe pazar\u0131n\u0131 modern bir yap\u0131ya kavu\u015fturmak i\u00e7in ba\u015flatt\u0131\u011f\u0131m\u0131z \u00e7al\u0131\u015fmalarda sona yakla\u015ft\u0131k. En k\u0131sa zamanda eksikleri de tamamlayarak tamamen esnaf\u0131m\u0131z\u0131n ve halk\u0131m\u0131z\u0131n hizmetine sunaca\u011f\u0131z. Esnaf\u0131m\u0131z art\u0131k \u00e7ad\u0131r kurma zahmetinden ve hava \u015fartlar\u0131n\u0131n zorlu\u011fundan kurtulup sadece ticaretine odaklanacak. Manisal\u0131 hem\u015fehrilerimiz de d\u00f6rt mevsim boyunca ya\u011fmurdan ve s\u0131caktan etkilenmeden, g\u00fcvenle ve huzurla al\u0131\u015fveri\u015fini yapabilecek. \u015eehrimize ve esnaf\u0131m\u0131za hay\u0131rl\u0131 u\u011furlu olsun&#8221; diye konu\u015ftu.<br \/>\n<br \/>Pazar yerindeki de\u011fi\u015fim ile ilgili g\u00f6r\u00fc\u015flerini dile getiren pazar esnaf\u0131, Manisa B\u00fcy\u00fck\u015fehir Belediye Ba\u015fkan\u0131 Besim Dutlulu\u2019ya te\u015fekk\u00fcrlerini iletti.<br \/>\n<br \/>Esnaflardan Sezer Bekta\u015f, &#8220;Manisa\u2019da ya\u015f\u0131yorum, bural\u0131y\u0131m. Besim Dutlulu\u2019dan \u00e7ok memnunuz, Allah ondan raz\u0131 olsun. A\u00e7\u0131k olan b\u00f6lgeleri kapatarak bize \u00e7ok yard\u0131mc\u0131 oldu. Ona ve Destan ba\u015fkan\u0131m\u0131za buradan \u00e7ok te\u015fekk\u00fcr ediyorum. Bug\u00fcn hava ya\u011fmurlu ancak b\u00fcy\u00fck oranda kapand\u0131\u011f\u0131 i\u00e7in etkilenmiyoruz; haftaya her \u015fey \u00e7ok daha iyi olacak in\u015fallah&#8221; dedi.<br \/>\n<br \/>Bir di\u011fer esnaf Lokman Kayacan ise &#8220;Bu \u00e7al\u0131\u015fmada eme\u011fi ge\u00e7en herkese te\u015fekk\u00fcr ederiz. Belki ge\u00e7 kal\u0131nm\u0131\u015f bir ad\u0131m ama \u00e7ok g\u00fczel bir \u00e7al\u0131\u015fma oldu. Pazarc\u0131 camias\u0131 olarak ya\u011fmur, \u00e7amur ve f\u0131rt\u0131na nedeniyle \u00e7ok zor durumdayd\u0131k, s\u00fcrekli \u0131slan\u0131yorduk. \u015eimdi her \u015fey \u00e7ok g\u00fczel olmu\u015f; ba\u015fkan\u0131m\u0131za ve dernek ba\u015fkan\u0131m\u0131za \u00e7ok te\u015fekk\u00fcrler&#8221; ifadelerini kulland\u0131.<br \/>\n<br \/>Daha \u00f6nce ya\u011fmur ya\u011f\u0131nca m\u00fc\u015fterilerin i\u00e7eri giremedi\u011fini belirten Hulusi Omak, &#8220;Daha \u00f6nce ya\u011fmur ya\u011fd\u0131\u011f\u0131nda i\u015f yapamazd\u0131k. \u015eemsiyelerimiz r\u00fczgardan k\u0131r\u0131l\u0131rd\u0131. \u015eimdi \u00e7ok memnunuz. Besim ba\u015fkan\u0131m\u0131z sa\u011f olsun, verilen vaatleri yerine getiriyor&#8221; dedi.<br \/><\/p>\n","protected":false},"excerpt":{"rendered":"<p>Manisa B\u00fcy\u00fck\u015fehir Belediyesinin \u015fehrin en k\u00f6kl\u00fc ve b\u00fcy\u00fck pazarlar\u0131ndan biri olan Per\u015fembe pazar\u0131nda ba\u015flatt\u0131\u011f\u0131 \u00e7at\u0131 yenileme ve geni\u015fletme \u00e7al\u0131\u015fmas\u0131nda sona gelindi. Manisa B\u00fcy\u00fck\u015fehir Belediye Ba\u015fkan\u0131 Besim Dutlulu, ge\u00e7ti\u011fimiz aylarda Per\u015fembe pazar\u0131nda ger\u00e7ekle\u015ftirdi\u011fi esnaf ziyaretinde, esnaf\u0131n en b\u00fcy\u00fck dertlerinden biri olan &#8220;a\u00e7\u0131k alan&#8221; sorununu yerinde dinledi. Yaz\u0131n kavurucu s\u0131ca\u011f\u0131, k\u0131\u015f\u0131n ise sa\u011fanak ya\u011f\u0131\u015f ve f\u0131rt\u0131nayla m\u00fccadele&#8230;<\/p>\n","protected":false},"author":1,"featured_media":77156,"comment_status":"open","ping_status":"open","sticky":false,"template":"","format":"standard","meta":{"_crdt_document":"","footnotes":""},"categories":[125],"tags":[],"class_list":["post-77155","post","type-post","status-publish","format-standard","has-post-thumbnail","hentry","category-ekonomi"],"_links":{"self":[{"href":"https:\/\/www.egemtv.com\/index.php?rest_route=\/wp\/v2\/posts\/77155","targetHints":{"allow":["GET"]}}],"collection":[{"href":"https:\/\/www.egemtv.com\/index.php?rest_route=\/wp\/v2\/posts"}],"about":[{"href":"https:\/\/www.egemtv.com\/index.php?rest_route=\/wp\/v2\/types\/post"}],"author":[{"embeddable":true,"href":"https:\/\/www.egemtv.com\/index.php?rest_route=\/wp\/v2\/users\/1"}],"replies":[{"embeddable":true,"href":"https:\/\/www.egemtv.com\/index.php?rest_route=%2Fwp%2Fv2%2Fcomments&post=77155"}],"version-history":[{"count":1,"href":"https:\/\/www.egemtv.com\/index.php?rest_route=\/wp\/v2\/posts\/77155\/revisions"}],"predecessor-version":[{"id":77157,"href":"https:\/\/www.egemtv.com\/index.php?rest_route=\/wp\/v2\/posts\/77155\/revisions\/77157"}],"wp:featuredmedia":[{"embeddable":true,"href":"https:\/\/www.egemtv.com\/index.php?rest_route=\/wp\/v2\/media\/77156"}],"wp:attachment":[{"href":"https:\/\/www.egemtv.com\/index.php?rest_route=%2Fwp%2Fv2%2Fmedia&parent=77155"}],"wp:term":[{"taxonomy":"category","embeddable":true,"href":"https:\/\/www.egemtv.com\/index.php?rest_route=%2Fwp%2Fv2%2Fcategories&post=77155"},{"taxonomy":"post_tag","embeddable":true,"href":"https:\/\/www.egemtv.com\/index.php?rest_route=%2Fwp%2Fv2%2Ftags&post=77155"}],"curies":[{"name":"wp","href":"https:\/\/api.w.org\/{rel}","templated":true}]}}