{"id":77152,"date":"2025-12-28T15:36:16","date_gmt":"2025-12-28T12:36:16","guid":{"rendered":"https:\/\/www.egemtv.com\/?p=77152"},"modified":"2025-12-28T15:36:17","modified_gmt":"2025-12-28T12:36:17","slug":"koycegizde-yilbasi-pazari-kuruldu","status":"publish","type":"post","link":"https:\/\/www.egemtv.com\/?p=77152","title":{"rendered":"K\u00f6yce\u011fiz\u2019de y\u0131lba\u015f\u0131 pazar\u0131 kuruldu"},"content":{"rendered":"<p>Mu\u011fla\u2019n\u0131n K\u00f6yce\u011fiz il\u00e7esinde y\u0131lba\u015f\u0131 pazar\u0131 kapal\u0131 pazar yerinde kuruldu.<\/p>\n<p>Her ay\u0131n son Pazar g\u00fcn\u00fc kurulan ikinci el pazar\u0131 yeni y\u0131l \u00f6ncesi olmas\u0131 nedeniyle y\u0131lba\u015f\u0131 pazar\u0131 olarak Cumartesi g\u00fcn\u00fc a\u00e7\u0131ld\u0131. Y\u0131lba\u015f\u0131 pazar\u0131 i\u00e7in K\u00f6yce\u011fiz kapal\u0131 pazar yerinde 500\u2019\u00fcn \u00fczerinde tezg\u00e2h haz\u0131rland\u0131. Y\u0131lba\u015f\u0131 pazar\u0131 i\u00e7in erken saatlerde gelen sat\u0131c\u0131lar pazarlamak istedi\u011fi \u00fcr\u00fcnleri sergileyerek sat\u0131\u015fa haz\u0131r hale getirdi. G\u00fcne\u015fli bir havada ger\u00e7ekle\u015fen pazarda r\u00fczgar nedeniyle sat\u0131c\u0131lar zaman zaman s\u0131k\u0131nt\u0131 ya\u015fad\u0131. Y\u0131lba\u015f\u0131 pazar\u0131na   vatanda\u015flar yo\u011fun ilgi g\u00f6sterdi. Tezgahlarda her t\u00fcrl\u00fc \u00fcr\u00fcn, e\u015fya sat\u0131\u015fa sunuldu. Sat\u0131c\u0131lar pazar\u0131n kalabal\u0131k g\u00f6r\u00fcnd\u00fc\u011f\u00fcn\u00fc fakat sat\u0131\u015flar\u0131n yetersiz kald\u0131\u011f\u0131n\u0131 belirterek Atat\u00fcrk Kordonu\u2019nda Pazar kurulsayd\u0131 daha \u00e7ok sat\u0131\u015f yapabileceklerini s\u00f6ylediler.<br \/><\/p>\n","protected":false},"excerpt":{"rendered":"<p>Mu\u011fla\u2019n\u0131n K\u00f6yce\u011fiz il\u00e7esinde y\u0131lba\u015f\u0131 pazar\u0131 kapal\u0131 pazar yerinde kuruldu. Her ay\u0131n son Pazar g\u00fcn\u00fc kurulan ikinci el pazar\u0131 yeni y\u0131l \u00f6ncesi olmas\u0131 nedeniyle y\u0131lba\u015f\u0131 pazar\u0131 olarak Cumartesi g\u00fcn\u00fc a\u00e7\u0131ld\u0131. Y\u0131lba\u015f\u0131 pazar\u0131 i\u00e7in K\u00f6yce\u011fiz kapal\u0131 pazar yerinde 500\u2019\u00fcn \u00fczerinde tezg\u00e2h haz\u0131rland\u0131. Y\u0131lba\u015f\u0131 pazar\u0131 i\u00e7in erken saatlerde gelen sat\u0131c\u0131lar pazarlamak istedi\u011fi \u00fcr\u00fcnleri sergileyerek sat\u0131\u015fa haz\u0131r hale getirdi&#8230;.<\/p>\n","protected":false},"author":1,"featured_media":77153,"comment_status":"open","ping_status":"open","sticky":false,"template":"","format":"standard","meta":{"_crdt_document":"","footnotes":""},"categories":[125],"tags":[],"class_list":["post-77152","post","type-post","status-publish","format-standard","has-post-thumbnail","hentry","category-ekonomi"],"_links":{"self":[{"href":"https:\/\/www.egemtv.com\/index.php?rest_route=\/wp\/v2\/posts\/77152","targetHints":{"allow":["GET"]}}],"collection":[{"href":"https:\/\/www.egemtv.com\/index.php?rest_route=\/wp\/v2\/posts"}],"about":[{"href":"https:\/\/www.egemtv.com\/index.php?rest_route=\/wp\/v2\/types\/post"}],"author":[{"embeddable":true,"href":"https:\/\/www.egemtv.com\/index.php?rest_route=\/wp\/v2\/users\/1"}],"replies":[{"embeddable":true,"href":"https:\/\/www.egemtv.com\/index.php?rest_route=%2Fwp%2Fv2%2Fcomments&post=77152"}],"version-history":[{"count":1,"href":"https:\/\/www.egemtv.com\/index.php?rest_route=\/wp\/v2\/posts\/77152\/revisions"}],"predecessor-version":[{"id":77154,"href":"https:\/\/www.egemtv.com\/index.php?rest_route=\/wp\/v2\/posts\/77152\/revisions\/77154"}],"wp:featuredmedia":[{"embeddable":true,"href":"https:\/\/www.egemtv.com\/index.php?rest_route=\/wp\/v2\/media\/77153"}],"wp:attachment":[{"href":"https:\/\/www.egemtv.com\/index.php?rest_route=%2Fwp%2Fv2%2Fmedia&parent=77152"}],"wp:term":[{"taxonomy":"category","embeddable":true,"href":"https:\/\/www.egemtv.com\/index.php?rest_route=%2Fwp%2Fv2%2Fcategories&post=77152"},{"taxonomy":"post_tag","embeddable":true,"href":"https:\/\/www.egemtv.com\/index.php?rest_route=%2Fwp%2Fv2%2Ftags&post=77152"}],"curies":[{"name":"wp","href":"https:\/\/api.w.org\/{rel}","templated":true}]}}